{"id":120336,"date":"2023-04-03T09:45:01","date_gmt":"2023-04-03T12:45:01","guid":{"rendered":"https:\/\/vinasfm.com\/noticias\/?p=120336"},"modified":"2023-04-04T01:09:58","modified_gmt":"2023-04-04T04:09:58","slug":"victor-alvarez-quiero-hacer-un-mejoramiento-en-los-caminos-rurales","status":"publish","type":"post","link":"https:\/\/vinasfm.com\/noticias\/victor-alvarez-quiero-hacer-un-mejoramiento-en-los-caminos-rurales\/","title":{"rendered":"V\u00cdCTOR \u00c1LVAREZ: \u00abQUIERO HACER UN MEJORAMIENTO EN LOS CAMINOS RURALES\u00bb"},"content":{"rendered":"<p><strong>Productores reclaman por las preocupantes condiciones de los caminos ganaderos que hace apenas unas semanas era matorrales. La abundantes lluvias revirtieron la situaci\u00f3n y ahora son lodazales.\u00a0<\/strong><\/p>\n<p>El Consejero de Zona Sur de la Direcci\u00f3n Provincial de Vialidad, V\u00edctor \u00c1lvarez indic\u00f3 <em><b>\u00bbiniciamos con un convenio con los granaderos, para darle participaci\u00f3n en la problem\u00e1tica sobre todo en el inter\u00e9s de ellos para que se mejoren esos caminos debido a la relevancia que tiene la ganader\u00eda en la zona y la calidad que se va asegurando d\u00eda a d\u00eda\u00bb.<\/b><\/em><\/p>\n<p>Es evidente que uno problemas mas importantes a los que se enfrentan los productores son los caminos. <em><strong>\u00bbA ra\u00edz de esto comenzamos a hablar con el Ministerio donde ya hab\u00eda una herramienta donde ir depositando dinero para ir armando el programa, ya que no ten\u00edamos nada, ni siquiera en el presupuesto se especificaba claramente. El a\u00f1o pasado recibimos los primeros 30 millones en el marco del convenio\u00bb<\/strong><\/em>, explic\u00f3 \u00c1lvarez.<\/p>\n<p>El Cluster Ganadero tambi\u00e9n es de gran importancia para darle soluciones y respuestas a los productores. <em><strong>\u00bbEl Cl\u00faster tiene un trabajo previo muy importante realizando en cuanto a la importancia que tiene cada camino que a veces nosotros no tenemos la injerencia de saber que se esta trabajando en cada sector\u00bb.<\/strong><\/em><\/p>\n<p><em><strong>\u00bbAs\u00ed fue como se estableci\u00f3 la 203 (Monte Coman) y luego la 205\u00bb<\/strong><\/em>, destac\u00f3 \u00c1lvarez y mencion\u00f3 que <strong><em>\u00bb ya tenemos una licitaci\u00f3n de 20 millones de pesos para depositar en la ruta 207, ser\u00e1 al norte y al sur, y otra licitaci\u00f3n tambi\u00e9n con el mismo monto que se depositara en Canalejas, que es la Costa del Salado, donde hay ganaderos que claramente han invertido\u00bb<\/em><\/strong><\/p>\n<p>Por ultimo el Consejero de Zona Sur de la Direcci\u00f3n Provincias de Vialidad, sostuvo que est\u00e1 detr\u00e1s de poder sacar licitaciones para los caminos rurales, <em><strong>\u00bbpretendo ir haciendo mejoramientos en la zona de ruralidad tanto de Alvear como de San Rafael, tambi\u00e9n en Malarg\u00fce en ruta 186, una ruta muy complicada y transitada donde ha salido una licitaci\u00f3n para mejorar un sector de esa traza. Siempre estamos en contacto con las intendencias para ir fijando prioridades\u00bb.<\/strong><\/em><\/p>\n<p>&nbsp;<\/p>\n","protected":false},"excerpt":{"rendered":"<p>Productores reclaman por las preocupantes condiciones de los caminos ganaderos que hace apenas unas semanas era matorrales. La abundantes lluvias revirtieron &#8230;<\/p>\n","protected":false},"author":7,"featured_media":106174,"comment_status":"open","ping_status":"open","sticky":false,"template":"","format":"standard","meta":{"footnotes":""},"categories":[5,42],"tags":[],"class_list":["post-120336","post","type-post","status-publish","format-standard","has-post-thumbnail","hentry","category-actualidad","category-opinion"],"_links":{"self":[{"href":"https:\/\/vinasfm.com\/noticias\/wp-json\/wp\/v2\/posts\/120336","targetHints":{"allow":["GET"]}}],"collection":[{"href":"https:\/\/vinasfm.com\/noticias\/wp-json\/wp\/v2\/posts"}],"about":[{"href":"https:\/\/vinasfm.com\/noticias\/wp-json\/wp\/v2\/types\/post"}],"author":[{"embeddable":true,"href":"https:\/\/vinasfm.com\/noticias\/wp-json\/wp\/v2\/users\/7"}],"replies":[{"embeddable":true,"href":"https:\/\/vinasfm.com\/noticias\/wp-json\/wp\/v2\/comments?post=120336"}],"version-history":[{"count":4,"href":"https:\/\/vinasfm.com\/noticias\/wp-json\/wp\/v2\/posts\/120336\/revisions"}],"predecessor-version":[{"id":120412,"href":"https:\/\/vinasfm.com\/noticias\/wp-json\/wp\/v2\/posts\/120336\/revisions\/120412"}],"wp:featuredmedia":[{"embeddable":true,"href":"https:\/\/vinasfm.com\/noticias\/wp-json\/wp\/v2\/media\/106174"}],"wp:attachment":[{"href":"https:\/\/vinasfm.com\/noticias\/wp-json\/wp\/v2\/media?parent=120336"}],"wp:term":[{"taxonomy":"category","embeddable":true,"href":"https:\/\/vinasfm.com\/noticias\/wp-json\/wp\/v2\/categories?post=120336"},{"taxonomy":"post_tag","embeddable":true,"href":"https:\/\/vinasfm.com\/noticias\/wp-json\/wp\/v2\/tags?post=120336"}],"curies":[{"name":"wp","href":"https:\/\/api.w.org\/{rel}","templated":true}]}}