{"id":120334,"date":"2023-04-03T09:00:19","date_gmt":"2023-04-03T12:00:19","guid":{"rendered":"https:\/\/vinasfm.com\/noticias\/?p=120334"},"modified":"2023-04-03T10:22:06","modified_gmt":"2023-04-03T13:22:06","slug":"la-llegada-de-ivan-bermudez-a-la-policia-departamental","status":"publish","type":"post","link":"https:\/\/vinasfm.com\/noticias\/la-llegada-de-ivan-bermudez-a-la-policia-departamental\/","title":{"rendered":"LA LLEGADA DE IV\u00c1N BERM\u00daDEZ A LA POLIC\u00cdA DEPARTAMENTAL"},"content":{"rendered":"<p><strong>El pasado 23 de febrero del corriente, el comisario Iv\u00e1n Berm\u00fadez, oriundo de San Rafael, asumi\u00f3 el mando de la jefatura departamental.<\/strong><\/p>\n<p><em><b>\u00bbCuando me hice cargo de la jefatura dije que vine a dar continuidad a lo que se estaba trabajando y con la impronta que uno puede darle como conductor a la departamental\u00bb <\/b><\/em>manifest\u00f3 Berm\u00fadez y agreg\u00f3 que <b><\/b><em><b>\u00bbla realidad es que tenemos personal y movilidad y los requerimientos de la ciudadan\u00eda tendr\u00e1 respuestas\u00bb.<\/b><\/em><\/p>\n<p>Unas de las cuestiones que hay que tener en cuenta es que en los tiempos en que vivimos la seguridad es algo que tenemos que trabajar entre todos,<strong><em> \u00bbsomos todos un poco responsables y sin lugar a dudas es muy importante la relaci\u00f3n polic\u00eda- comunidad, debe ser una relaci\u00f3n buena y cercana, quien comanda debe dar el ejemplo\u00bb.<\/em><\/strong><\/p>\n<p>A poco m\u00e1s de un mes de su llegada el departamento, Berm\u00fadez expres\u00f3 que <em><strong>\u00bbhubo que acostumbrarse a algunas cuestiones. El trabajo con el poder judicial, mi experiencia con el c\u00f3digo viejo y con el nuevo siempre ha sido buena\u00bb.<\/strong><\/em><\/p>\n<h2>Violencia de G\u00e9nero<\/h2>\n<p>\u00bfCu\u00e1ntas denuncias se reciben por violencia de g\u00e9nero? <strong><em>\u00bbAlrededor del 70% u 80% de los delitos que se trabaja en la dependencia tienen que ver con g\u00e9nero\u00bb<\/em><\/strong> mencion\u00f3 el Comisario y subray\u00f3 que <em><strong>\u00bbmuchos de los recursos se utilizan para estos casos, el trabajo es mancomunado y asociado cuando se toma conocimiento\u00bb.<\/strong><\/em><\/p>\n","protected":false},"excerpt":{"rendered":"<p>El pasado 23 de febrero del corriente, el comisario Iv\u00e1n Berm\u00fadez, oriundo de San Rafael, asumi\u00f3 el mando de la jefatura &#8230;<\/p>\n","protected":false},"author":7,"featured_media":120349,"comment_status":"open","ping_status":"open","sticky":false,"template":"","format":"standard","meta":{"footnotes":""},"categories":[5,10],"tags":[],"class_list":["post-120334","post","type-post","status-publish","format-standard","has-post-thumbnail","hentry","category-actualidad","category-destacadas"],"_links":{"self":[{"href":"https:\/\/vinasfm.com\/noticias\/wp-json\/wp\/v2\/posts\/120334","targetHints":{"allow":["GET"]}}],"collection":[{"href":"https:\/\/vinasfm.com\/noticias\/wp-json\/wp\/v2\/posts"}],"about":[{"href":"https:\/\/vinasfm.com\/noticias\/wp-json\/wp\/v2\/types\/post"}],"author":[{"embeddable":true,"href":"https:\/\/vinasfm.com\/noticias\/wp-json\/wp\/v2\/users\/7"}],"replies":[{"embeddable":true,"href":"https:\/\/vinasfm.com\/noticias\/wp-json\/wp\/v2\/comments?post=120334"}],"version-history":[{"count":2,"href":"https:\/\/vinasfm.com\/noticias\/wp-json\/wp\/v2\/posts\/120334\/revisions"}],"predecessor-version":[{"id":120350,"href":"https:\/\/vinasfm.com\/noticias\/wp-json\/wp\/v2\/posts\/120334\/revisions\/120350"}],"wp:featuredmedia":[{"embeddable":true,"href":"https:\/\/vinasfm.com\/noticias\/wp-json\/wp\/v2\/media\/120349"}],"wp:attachment":[{"href":"https:\/\/vinasfm.com\/noticias\/wp-json\/wp\/v2\/media?parent=120334"}],"wp:term":[{"taxonomy":"category","embeddable":true,"href":"https:\/\/vinasfm.com\/noticias\/wp-json\/wp\/v2\/categories?post=120334"},{"taxonomy":"post_tag","embeddable":true,"href":"https:\/\/vinasfm.com\/noticias\/wp-json\/wp\/v2\/tags?post=120334"}],"curies":[{"name":"wp","href":"https:\/\/api.w.org\/{rel}","templated":true}]}}