{"id":120313,"date":"2023-03-31T12:09:29","date_gmt":"2023-03-31T15:09:29","guid":{"rendered":"https:\/\/vinasfm.com\/noticias\/?p=120313"},"modified":"2023-04-03T09:01:42","modified_gmt":"2023-04-03T12:01:42","slug":"alvear-presente-en-la-inauguracion-la-puesta-en-valor-de-la-estacion-de-trenes-de-realico","status":"publish","type":"post","link":"https:\/\/vinasfm.com\/noticias\/alvear-presente-en-la-inauguracion-la-puesta-en-valor-de-la-estacion-de-trenes-de-realico\/","title":{"rendered":"ALVEAR PRESENTE EN LA INAUGURACI\u00d3N LA PUESTA EN VALOR DE LA ESTACI\u00d3N DE TRENES DE REALIC\u00d3"},"content":{"rendered":"<p><strong>El Secretario de Desarrollo y Promoci\u00f3n Departamental Edgardo Sampirisi particip\u00f3 en la puesta en marcha de la remodelaci\u00f3n de la estaci\u00f3n ferroviaria, ubicada a 320km al Este de General Alvear.<\/strong><\/p>\n<p>Estuvo presente el Presidente de Ferrocarriles Argentinos Sociedad del Estado (FASE) Dami\u00e1n Contreras; Viviana Bongiovanni, Intendente de Realic\u00f3, La Pampa, y Vicepresidente del Consorcio Ferroviario Uni\u00f3n Pac\u00edfico; la vicepresidenta primera de la C\u00e1mara de Diputados, Alicia Mayoral; referentes del Consorcio Ferroviario Uni\u00f3n Pac\u00edfico, diputados de La Pampa, intendentes y parte de la comunidad local.<\/p>\n<p>Viviana Bongiovanni, al hacer uso de la palabra remarc\u00f3:<strong><em> \u00bbse trata de la puesta en valor de nuestra estaci\u00f3n de ferrocarril, algo que esper\u00e1bamos y estamos orgullosos de poder poner en valor parte de nuestra historia. Este pueblo nace por la llegada de las v\u00edas ferroviarias, mucha gente trabaj\u00f3 vinculada a este servicio de transporte. En este momento, se le dio valor al edificio hist\u00f3rico, en otra etapa se le dar\u00e1 funcionalidad porque la lucha del Consorcio es que vuelva el tren de pasajeros a esta zona, dado que por Realic\u00f3 solo pasa el tren de carga\u00bb<\/em><\/strong>. Adem\u00e1s, brind\u00f3 un saludo especial al Intendente Walther Marcolini, quien es Presidente del Consorcio Uni\u00f3n Pac\u00edfico, dado que han trabajado mucho en conjunto y se ha dado un gran avance al lograr poner el tema en la agenda nacional.<\/p>\n<p><a href=\"http:\/\/vinasfm.com\/noticias\/wp-content\/uploads\/2023\/03\/MG_8283.jpg\"><img loading=\"lazy\" decoding=\"async\" class=\"wp-image-120317 aligncenter\" src=\"http:\/\/vinasfm.com\/noticias\/wp-content\/uploads\/2023\/03\/MG_8283.jpg\" alt=\"\" width=\"600\" height=\"338\" srcset=\"https:\/\/vinasfm.com\/noticias\/wp-content\/uploads\/2023\/03\/MG_8283.jpg 1920w, https:\/\/vinasfm.com\/noticias\/wp-content\/uploads\/2023\/03\/MG_8283-300x169.jpg 300w, https:\/\/vinasfm.com\/noticias\/wp-content\/uploads\/2023\/03\/MG_8283-1024x576.jpg 1024w, https:\/\/vinasfm.com\/noticias\/wp-content\/uploads\/2023\/03\/MG_8283-768x432.jpg 768w, https:\/\/vinasfm.com\/noticias\/wp-content\/uploads\/2023\/03\/MG_8283-1536x864.jpg 1536w, https:\/\/vinasfm.com\/noticias\/wp-content\/uploads\/2023\/03\/MG_8283-1140x641.jpg 1140w\" sizes=\"auto, (max-width: 600px) 100vw, 600px\" \/><\/a><\/p>\n<p>Por su parte, el Presidente de Ferrocarriles Argentinos Sociedad del Estado Dami\u00e1n Contreras se expres\u00f3 sobre el trabajo realizado con el Consorcio Ferroviario Uni\u00f3n Pac\u00edfico para la recuperaci\u00f3n del Ferrocarril Sarmiento, que dar\u00e1 paso al Corredor Bioce\u00e1nico: <em><strong>\u00bbnos encontramos en la estaci\u00f3n de ferrocarril de Realic\u00f3, a la cual se le realiz\u00f3 una puesta en valor en el marco del Plan de Revalorizaci\u00f3n Hist\u00f3rica de los predios ferroviarios, similar obra se realiza las estaciones\u00a0 de General Pico e Ingeniero Luiggi. Estoy contento por el trabajo realizado con el Consorcio Uni\u00f3n Pac\u00edfico para poder concluir con el proyecto de Ley de reparaci\u00f3n hist\u00f3rica, resulta fundamental que el congreso genere el fondeo necesario para que el plan de modernizaci\u00f3n del sistema ferroviario siga adelante y cuente con el recurso necesario\u201d. Al referirse al Presidente del consorcio manifest\u00f3: \u201ccon Marcolini estamos en contacto permanente, hemos logrado incorporar este ramal dentro del Plan de Reparaci\u00f3n Hist\u00f3rica Ferroviaria como sistema, como propulsor de las econom\u00edas regionales y en beneficio para el pasajero\u00bb.<\/strong><\/em><\/p>\n<p><a href=\"http:\/\/vinasfm.com\/noticias\/wp-content\/uploads\/2023\/03\/MG_8328.jpg\"><img loading=\"lazy\" decoding=\"async\" class=\"wp-image-120318 aligncenter\" src=\"http:\/\/vinasfm.com\/noticias\/wp-content\/uploads\/2023\/03\/MG_8328.jpg\" alt=\"\" width=\"600\" height=\"338\" srcset=\"https:\/\/vinasfm.com\/noticias\/wp-content\/uploads\/2023\/03\/MG_8328.jpg 1920w, https:\/\/vinasfm.com\/noticias\/wp-content\/uploads\/2023\/03\/MG_8328-300x169.jpg 300w, https:\/\/vinasfm.com\/noticias\/wp-content\/uploads\/2023\/03\/MG_8328-1024x576.jpg 1024w, https:\/\/vinasfm.com\/noticias\/wp-content\/uploads\/2023\/03\/MG_8328-768x432.jpg 768w, https:\/\/vinasfm.com\/noticias\/wp-content\/uploads\/2023\/03\/MG_8328-1536x864.jpg 1536w, https:\/\/vinasfm.com\/noticias\/wp-content\/uploads\/2023\/03\/MG_8328-1140x641.jpg 1140w\" sizes=\"auto, (max-width: 600px) 100vw, 600px\" \/><\/a><\/p>\n<p>El Secretario de Desarrollo y Promoci\u00f3n Departamental, Edgardo Sampirisi subray\u00f3 que fue emocionante estar presenciando la reinauguraci\u00f3n de la Estaci\u00f3n de ferrocarril de Realic\u00f3, agradeci\u00f3 a la Intendente la invitaci\u00f3n para poder compartir con ellos la revalorizaci\u00f3n del patrimonio hist\u00f3rico cultural de su estaci\u00f3n de ferrocarril, que va a permitir poder vender la producci\u00f3n local con costos m\u00e1s bajos, llegar a Buenos Aires con el mejor precio posible respecto a los fletes.<\/p>\n","protected":false},"excerpt":{"rendered":"<p>El Secretario de Desarrollo y Promoci\u00f3n Departamental Edgardo Sampirisi particip\u00f3 en la puesta en marcha de la remodelaci\u00f3n de la estaci\u00f3n &#8230;<\/p>\n","protected":false},"author":7,"featured_media":120316,"comment_status":"open","ping_status":"open","sticky":false,"template":"","format":"standard","meta":{"footnotes":""},"categories":[5,10],"tags":[],"class_list":["post-120313","post","type-post","status-publish","format-standard","has-post-thumbnail","hentry","category-actualidad","category-destacadas"],"_links":{"self":[{"href":"https:\/\/vinasfm.com\/noticias\/wp-json\/wp\/v2\/posts\/120313","targetHints":{"allow":["GET"]}}],"collection":[{"href":"https:\/\/vinasfm.com\/noticias\/wp-json\/wp\/v2\/posts"}],"about":[{"href":"https:\/\/vinasfm.com\/noticias\/wp-json\/wp\/v2\/types\/post"}],"author":[{"embeddable":true,"href":"https:\/\/vinasfm.com\/noticias\/wp-json\/wp\/v2\/users\/7"}],"replies":[{"embeddable":true,"href":"https:\/\/vinasfm.com\/noticias\/wp-json\/wp\/v2\/comments?post=120313"}],"version-history":[{"count":1,"href":"https:\/\/vinasfm.com\/noticias\/wp-json\/wp\/v2\/posts\/120313\/revisions"}],"predecessor-version":[{"id":120319,"href":"https:\/\/vinasfm.com\/noticias\/wp-json\/wp\/v2\/posts\/120313\/revisions\/120319"}],"wp:featuredmedia":[{"embeddable":true,"href":"https:\/\/vinasfm.com\/noticias\/wp-json\/wp\/v2\/media\/120316"}],"wp:attachment":[{"href":"https:\/\/vinasfm.com\/noticias\/wp-json\/wp\/v2\/media?parent=120313"}],"wp:term":[{"taxonomy":"category","embeddable":true,"href":"https:\/\/vinasfm.com\/noticias\/wp-json\/wp\/v2\/categories?post=120313"},{"taxonomy":"post_tag","embeddable":true,"href":"https:\/\/vinasfm.com\/noticias\/wp-json\/wp\/v2\/tags?post=120313"}],"curies":[{"name":"wp","href":"https:\/\/api.w.org\/{rel}","templated":true}]}}