{"id":120246,"date":"2023-03-30T10:30:36","date_gmt":"2023-03-30T13:30:36","guid":{"rendered":"https:\/\/vinasfm.com\/noticias\/?p=120246"},"modified":"2023-03-31T10:30:46","modified_gmt":"2023-03-31T13:30:46","slug":"el-camino-religioso-del-nuevo-obispo-diocesano-del-sur-provincial","status":"publish","type":"post","link":"https:\/\/vinasfm.com\/noticias\/el-camino-religioso-del-nuevo-obispo-diocesano-del-sur-provincial\/","title":{"rendered":"EL CAMINO RELIGIOSO DEL NUEVO OBISPO DIOCESANO DEL SUR PROVINCIAL"},"content":{"rendered":"<p><strong>El Monse\u00f1or Calos Mar\u00eda Dom\u00ednguez tom\u00f3 posesi\u00f3n como nuevo Obispo diocesano del Sur Provincial, el pasado domingo 26 de marzo.<\/strong><\/p>\n<p>Carlos Mar\u00eda naci\u00f3 el 23 de diciembre de 1965 en la ciudad de San Mar\u00edn, Buenos Aires. Realiz\u00f3 sus estudios primarios y segundarios Colegio Agustiniano\u00a0de\u00a0San Andr\u00e9s, el cual es dirigido por los <em>Agustinos Recoletos<\/em> (orden religiosa perteneciente a la Iglesia cat\u00f3lica). <em><strong>\u00bbToda mi vida conoc\u00ed a los Agustinos Recoletos y cuando percib\u00ed que Dios me llamaba para entregar mi vida a \u00e9l no se me pas\u00f3 otra cosa por la cabeza que unirme a los Agustinos Recoletos\u00bb<\/strong><\/em>, record\u00f3.<\/p>\n<p>A los 18 a\u00f1os inici\u00f3 sus estudios eclesi\u00e1sticos y a los 27 a\u00f1os se orden\u00f3 de Sacerdote. <strong><em>\u00bbAh\u00ed comenz\u00f3 mi ministerio sacerdotal en varias comunidades en el pa\u00eds\u00bb.<\/em> <\/strong>Posteriormente fue elijo Superior Mayor de los Agustinos Recoletos en Argentina, puesto que mantuvo por 6 a\u00f1os, luego fue designado Prior Provincial (en el mundo, la orden se divide en provincia).<em><strong> \u00bbMe traslad\u00e9 a Espa\u00f1a y viv\u00ed en Madrid 6 a\u00f1os y el Papa Francisco me nombr\u00f3 en Obispo Auxiliar de San Juan el 22 de abril de 2019\u00bb.<\/strong><\/em><\/p>\n<p>El 5 de febrero del 2022 fue nombrado administrador apost\u00f3lico de la di\u00f3cesis de San Rafael, hasta que el 11 de febrero el Papa Francisco decidi\u00f3 que continuara su tarea pastoral como Obispo Diocesano de San Rafael.<\/p>\n<p>La di\u00f3cesis sanrafaelina ha tenido notables inconvenientes en los \u00faltimos a\u00f1os. <strong><em>\u00bbCuando asum\u00ed se estaba viviendo un momento de convulsi\u00f3n que se complet\u00f3 con el cierre del seminario, eso cre\u00f3 mucha discusi\u00f3n y era casi un hurac\u00e1n. Gracias a la ayuda de Dios hoy podemos decir que la di\u00f3cesis de San Rafael es tranquila y serena, con problemas no diferentes a las dem\u00e1s\u00bb.<\/em><\/strong><\/p>\n<p>La di\u00f3cesis de San Rafael es un territorio eclesi\u00e1stico o di\u00f3cesis de la Iglesia cat\u00f3lica en Argentina con base en la ciudad de San Rafael. Fue erigida el 10 de abril de 1961 con la bula<em> Ecclesia Christi<\/em> del papa Juan XXIII. Es la sexta di\u00f3cesis m\u00e1s extensa del pa\u00eds, con 87.000km2 divididos en 30 parroquias y un gran grupo de religiosos. <em><strong>\u00bbNo somos una poblaci\u00f3n muy numerosa pero s\u00ed est\u00e1 extendida lo que implica que hay que recorrer mucho. Al asumir la di\u00f3cesis no lo hago de manera desconocida porque el a\u00f1o pasado tuve la oportunidad de recorrer, conocer y acompa\u00f1ar a toda la di\u00f3cesis\u00bb.\u00a0<\/strong><\/em><\/p>\n<h2>SEMINARIO DE SAN RAFAEL<\/h2>\n<p>En 2020 se dio a conocer que la Santa Sede orden\u00f3 cerrar el Seminario sanrafaelino, el funcion\u00f3 hasta fines del mismo a\u00f1o. Sus estudiantes fueron reubicados en distintos centros del pa\u00eds.<strong><em> \u00bbSu vida pastoral no es una tarea como la del Sacerdote, est\u00e1n estudiando en 4 Seminarios del pa\u00eds ubicados en R\u00edo Cuarto, Mendoza, San Juan y Buenos Aires\u00bb<\/em><\/strong>, explic\u00f3. Adem\u00e1s expres\u00f3 que hay intenciones de reabrir sus puertas pero no ser\u00e1 en un futuro cercano, <strong><em>\u00bba\u00fan quedan por sanar muchas heridas, pero mi foco se encuentra en los seminaristas no en el edificio\u00bb.\u00a0<\/em><\/strong><\/p>\n<p>Una gran parte de los Sacerdotes de la di\u00f3cesis fue formado en el mencionado Seminario,<em><strong> \u00bbduele no tenerlo pero nos vamos acostumbrando\u00bb.\u00a0<\/strong><\/em><\/p>\n<p><strong><em>\u00bbNunca recib\u00ed un motivo del cierre, simplemente asum\u00ed la di\u00f3cesis sin Seminario. Tenemos que mirar para adelante, me siento muy responsable en acompa\u00f1ar a los seminaristas aunque est\u00e9n fuera de la di\u00f3cesis\u00bb<\/em><\/strong>, se sincer\u00f3 el Monse\u00f1or Calos Mar\u00eda Dom\u00ednguez.<\/p>\n<h2>AGUSTINOS RECOLETOS<\/h2>\n<p>Los Agustinos Recoletos son una orden religiosa formada por cerca de 1.000 religiosos que, viviendo la vida fraterna en comunidad, quieren seguir a Cristo, casto, pobre y obediente; buscan la verdad y est\u00e1n al servicio de la Iglesia; se esfuerzan por crecer en la caridad seg\u00fan el carisma de san Agust\u00edn y la intensidad propia de la Recolecci\u00f3n, movimiento de interioridad y radicalidad evang\u00e9lica.<\/p>\n<p>En el siglo XVI, algunos religiosos Agustinos de la Provincia de Castilla, impulsados por un especial carisma colectivo, deseaban vivir con renovado fervor y nuevas normas la forma de vida consagrada que san Agust\u00edn fund\u00f3 en la Iglesia, ilustr\u00f3 con su doctrina y ejemplo y orden\u00f3 en su santa Regla. Algo similar ocurri\u00f3, a comienzos del siglo XVII, en la Provincia Agustiniana de Colombia.<\/p>\n<p>Los Agustinos Recoletos son herederos de la forma de vida suscitada por San Agust\u00edn (354-430) y asumida en el siglo XIII con esp\u00edritu mendicante por la Orden de San Agust\u00edn (Gran Uni\u00f3n de 1256). Despu\u00e9s de m\u00e1s de tres siglos de historia, en 1912, fueron reconocidos por la Iglesia como orden religiosa aut\u00f3noma.<\/p>\n<h6>G. Vallejos<\/h6>\n","protected":false},"excerpt":{"rendered":"<p>El Monse\u00f1or Calos Mar\u00eda Dom\u00ednguez tom\u00f3 posesi\u00f3n como nuevo Obispo diocesano del Sur Provincial, el pasado domingo 26 de marzo. Carlos &#8230;<\/p>\n","protected":false},"author":7,"featured_media":120251,"comment_status":"open","ping_status":"open","sticky":false,"template":"","format":"standard","meta":{"footnotes":""},"categories":[5,10],"tags":[],"class_list":["post-120246","post","type-post","status-publish","format-standard","has-post-thumbnail","hentry","category-actualidad","category-destacadas"],"_links":{"self":[{"href":"https:\/\/vinasfm.com\/noticias\/wp-json\/wp\/v2\/posts\/120246","targetHints":{"allow":["GET"]}}],"collection":[{"href":"https:\/\/vinasfm.com\/noticias\/wp-json\/wp\/v2\/posts"}],"about":[{"href":"https:\/\/vinasfm.com\/noticias\/wp-json\/wp\/v2\/types\/post"}],"author":[{"embeddable":true,"href":"https:\/\/vinasfm.com\/noticias\/wp-json\/wp\/v2\/users\/7"}],"replies":[{"embeddable":true,"href":"https:\/\/vinasfm.com\/noticias\/wp-json\/wp\/v2\/comments?post=120246"}],"version-history":[{"count":5,"href":"https:\/\/vinasfm.com\/noticias\/wp-json\/wp\/v2\/posts\/120246\/revisions"}],"predecessor-version":[{"id":120260,"href":"https:\/\/vinasfm.com\/noticias\/wp-json\/wp\/v2\/posts\/120246\/revisions\/120260"}],"wp:featuredmedia":[{"embeddable":true,"href":"https:\/\/vinasfm.com\/noticias\/wp-json\/wp\/v2\/media\/120251"}],"wp:attachment":[{"href":"https:\/\/vinasfm.com\/noticias\/wp-json\/wp\/v2\/media?parent=120246"}],"wp:term":[{"taxonomy":"category","embeddable":true,"href":"https:\/\/vinasfm.com\/noticias\/wp-json\/wp\/v2\/categories?post=120246"},{"taxonomy":"post_tag","embeddable":true,"href":"https:\/\/vinasfm.com\/noticias\/wp-json\/wp\/v2\/tags?post=120246"}],"curies":[{"name":"wp","href":"https:\/\/api.w.org\/{rel}","templated":true}]}}