{"id":120135,"date":"2023-03-28T11:14:02","date_gmt":"2023-03-28T14:14:02","guid":{"rendered":"https:\/\/vinasfm.com\/noticias\/?p=120135"},"modified":"2023-03-28T11:14:02","modified_gmt":"2023-03-28T14:14:02","slug":"defensa-civil-emitio-alerta-amarilla-por-viento-zonda-y-tormentas","status":"publish","type":"post","link":"https:\/\/vinasfm.com\/noticias\/defensa-civil-emitio-alerta-amarilla-por-viento-zonda-y-tormentas\/","title":{"rendered":"DEFENSA CIVIL EMITI\u00d3 ALERTA AMARILLA POR VIENTO ZONDA Y TORMENTAS"},"content":{"rendered":"<p><strong>Desde el organismo provincial alertaron por la ocurrencia de viento Zonda en Mendoza, y emitieron una serie de recomendaciones a fines de disminuir los riesgos que puede provocar la situaci\u00f3n meteorol\u00f3gica.<\/strong><\/p>\n<p>El\u00a0<strong>pron\u00f3stico\u00a0<\/strong>para este martes indica que se registrar\u00e1n\u00a0temperaturas c\u00e1lidas con nubosidad variable y vientos moderados del sector norte.\u00a0Desde el\u00a0<strong>Servicio Meteorol\u00f3gico Nacional (SMN)<\/strong>\u00a0anunciaron que la jornada estar\u00e1 marcada por la inestabilidad y\u00a0<strong>Defensa\u00a0Civil<\/strong> de Mendoza emiti\u00f3 una <strong>alerta<\/strong>\u00a0amarilla\u00a0debido a la probabilidad de\u00a0<strong>viento Zonda<\/strong>\u00a0y tormentas\u00a0que afectar\u00e1n gran parte del territorio provincial.<\/p>\n<p><a href=\"http:\/\/vinasfm.com\/noticias\/wp-content\/uploads\/2023\/03\/f768x1-1386274_1386401_80.webp\"><img loading=\"lazy\" decoding=\"async\" class=\"wp-image-120136 aligncenter\" src=\"http:\/\/vinasfm.com\/noticias\/wp-content\/uploads\/2023\/03\/f768x1-1386274_1386401_80.webp\" alt=\"\" width=\"600\" height=\"604\" srcset=\"https:\/\/vinasfm.com\/noticias\/wp-content\/uploads\/2023\/03\/f768x1-1386274_1386401_80.webp 768w, https:\/\/vinasfm.com\/noticias\/wp-content\/uploads\/2023\/03\/f768x1-1386274_1386401_80-298x300.webp 298w, https:\/\/vinasfm.com\/noticias\/wp-content\/uploads\/2023\/03\/f768x1-1386274_1386401_80-150x150.webp 150w\" sizes=\"auto, (max-width: 600px) 100vw, 600px\" \/><\/a><\/p>\n<p><strong>Defensa Civil<\/strong> emiti\u00f3 un comunicado donde adelanta que este martes<em> <strong>&#8216;a partir del medio d\u00eda y en zona Este, Norte, Valle de Uco y los departamentos de San Rafael y General Alvear se registrar\u00e1 posible circulaci\u00f3n de brisa leve desde el sector Norte\/Noreste. A partir de las 14 horas, es posible la presencia de viento Zonda en el departamento de Malarg\u00fce, situaci\u00f3n que se mantendr\u00eda hasta aproximadamente las 18 horas&#8217;.\u00a0<\/strong><\/em><\/p>\n<p><strong><em>&#8216;Desde las 18 horas en adelante, el viento comenzar\u00eda a debilitarse y rotar\u00eda lentamente hacia el sur, comenzando a sentirse primero en los departamentos del sur. Luego en la madrugada, tendr\u00eda presencia en zona Este, Valle de Uco y Gran Mendoza, lo que provocar\u00eda que el d\u00eda mi\u00e9rcoles amanezca con circulaci\u00f3n de viento sur en todo el territorio provincial<\/em>&#8216;<\/strong>, agrega el comunicado de <strong>Defensa Civil<\/strong>.<\/p>\n<p>En relaci\u00f3n a las tormentas, desde el organismo oficial destacaron que <em><strong>&#8216;a partir de las 18 horas y producto de la rotaci\u00f3n del viento y el ingreso de un frente sur se generar\u00e1n posibles formaciones nubosas y algunas convectivas. Esta situaci\u00f3n comenzar\u00eda por la zona Sur, principalmente los departamentos de General Alvear y San Rafael para luego extenderse a los departamentos de la zona Este&#8217;.<\/strong> <\/em>En todos los casos, no se descarta la probabilidad de ca\u00edda de granizo.<\/p>\n<h2>Recomendaciones<\/h2>\n<ul>\n<li>Manejar con precauci\u00f3n a velocidad prudente, manteniendo la distancia con otros veh\u00edculos y respetando las se\u00f1ales de tr\u00e1nsito.\u00a0Hay que evitar manejar hablando por tel\u00e9fono y siempre llevar el cintur\u00f3n de seguridad colocado, tanto el conductor como todos los ocupantes del veh\u00edculo.<\/li>\n<li>No sobrepasar a otro autom\u00f3vil en presencia de doble l\u00ednea amarilla y circular siempre con las luces bajas encendidas.<\/li>\n<li>Controlar el estado de los neum\u00e1ticos, los frenos, el funcionamiento de las luces, direcci\u00f3n y la parte el\u00e9ctrica del autom\u00f3vil c\u00f3mo requisito imprescindible, ya que son componentes que aportan a la seguridad del veh\u00edculo.<\/li>\n<li>En la calle, buscar resguardo bajo un techo seguro. Alejarse de \u00e1rboles, cables y marquesinas. Evitar circular por calles inundadas.<\/li>\n<li>En el veh\u00edculo, buscar resguardo en zona segura e intentar detener la marcha en cuanto sea posible. Conducir con extrema precauci\u00f3n y con distancias entre veh\u00edculos y colocar las balizas al detenerse. Si observa el aumento del caudal de agua, detener y buscar ponerse a salvo. Evitar circular con su veh\u00edculo por calles anegadas.<\/li>\n<li>Revisar peri\u00f3dicamente el estado de techos, desag\u00fces y canaletas de desagote de agua. Deben limpiarse y verificar que se encuentren asegurados para no desprenderse.<\/li>\n<li>Retirar del exterior de la vivienda objetos que puedan ser arrastrados por el agua, poner especial atenci\u00f3n a envases con productos t\u00f3xicos (insecticidas, herbicidas, qu\u00edmicos para piscinas).<\/li>\n<li>No sacar la basura. Cerrar y asegurar las ventanas y puertas. Para disminuir el ingreso de agua a la vivienda. Utilizar calzado y evitar caminar descalzo, para no tener lesiones.<\/li>\n<li>Desconectar electrodom\u00e9sticos y otros artefactos de la red de energ\u00eda el\u00e9ctrica. Si se inunda la casa, cortar la energ\u00eda el\u00e9ctrica (t\u00e9rmicas, disyuntor o llave de corte general en\u00a0Off).<\/li>\n<li>Mantener a las mascotas en lugar protegido. Quedarse en casa\u00a0\u00a0y evitar circular innecesariamente por la v\u00eda p\u00fablica, especialmente en centros urbanos.<\/li>\n<li>Luego de que se retire el agua y cese la lluvia, higienizar la vivienda con una soluci\u00f3n de una taza de lavandina cada 15 litros de agua.<\/li>\n<\/ul>\n","protected":false},"excerpt":{"rendered":"<p>Desde el organismo provincial alertaron por la ocurrencia de viento Zonda en Mendoza, y emitieron una serie de recomendaciones a fines &#8230;<\/p>\n","protected":false},"author":7,"featured_media":120136,"comment_status":"open","ping_status":"open","sticky":false,"template":"","format":"standard","meta":{"footnotes":""},"categories":[1],"tags":[],"class_list":["post-120135","post","type-post","status-publish","format-standard","has-post-thumbnail","hentry","category-fmvinas"],"_links":{"self":[{"href":"https:\/\/vinasfm.com\/noticias\/wp-json\/wp\/v2\/posts\/120135","targetHints":{"allow":["GET"]}}],"collection":[{"href":"https:\/\/vinasfm.com\/noticias\/wp-json\/wp\/v2\/posts"}],"about":[{"href":"https:\/\/vinasfm.com\/noticias\/wp-json\/wp\/v2\/types\/post"}],"author":[{"embeddable":true,"href":"https:\/\/vinasfm.com\/noticias\/wp-json\/wp\/v2\/users\/7"}],"replies":[{"embeddable":true,"href":"https:\/\/vinasfm.com\/noticias\/wp-json\/wp\/v2\/comments?post=120135"}],"version-history":[{"count":1,"href":"https:\/\/vinasfm.com\/noticias\/wp-json\/wp\/v2\/posts\/120135\/revisions"}],"predecessor-version":[{"id":120137,"href":"https:\/\/vinasfm.com\/noticias\/wp-json\/wp\/v2\/posts\/120135\/revisions\/120137"}],"wp:featuredmedia":[{"embeddable":true,"href":"https:\/\/vinasfm.com\/noticias\/wp-json\/wp\/v2\/media\/120136"}],"wp:attachment":[{"href":"https:\/\/vinasfm.com\/noticias\/wp-json\/wp\/v2\/media?parent=120135"}],"wp:term":[{"taxonomy":"category","embeddable":true,"href":"https:\/\/vinasfm.com\/noticias\/wp-json\/wp\/v2\/categories?post=120135"},{"taxonomy":"post_tag","embeddable":true,"href":"https:\/\/vinasfm.com\/noticias\/wp-json\/wp\/v2\/tags?post=120135"}],"curies":[{"name":"wp","href":"https:\/\/api.w.org\/{rel}","templated":true}]}}