{"id":120116,"date":"2023-03-28T09:42:09","date_gmt":"2023-03-28T12:42:09","guid":{"rendered":"https:\/\/vinasfm.com\/noticias\/?p=120116"},"modified":"2023-03-29T08:31:44","modified_gmt":"2023-03-29T11:31:44","slug":"isgro-participo-del-congreso-forestal-latinoamericano-con-propuestas-vinculadas-al-rol-de-la-madera-en-la-obra-publica-y-privada","status":"publish","type":"post","link":"https:\/\/vinasfm.com\/noticias\/isgro-participo-del-congreso-forestal-latinoamericano-con-propuestas-vinculadas-al-rol-de-la-madera-en-la-obra-publica-y-privada\/","title":{"rendered":"ISGRO PARTICIP\u00d3 DEL CONGRESO FORESTAL LATINOAMERICANO CON PROPUESTAS VINCULADAS AL ROL DE LA MADERA EN LA OBRA P\u00daBLICA Y PRIVADA"},"content":{"rendered":"<h4>El encuentro ser\u00e1 hasta el mi\u00e9rcoles, en la Facultad de Ciencias<br \/>\nAgrarias y en el Centro Tecnol\u00f3gico de la Madera en Luj\u00e1n de Cuyo. Ejes tem\u00e1ticos: cambio clim\u00e1tico, ecolog\u00eda, biodiversidad y gen\u00e9tica forestal, sostenibilidad social y educaci\u00f3n forestal, biometr\u00eda, silvicultura e innovaci\u00f3n productiva y competitividad econ\u00f3mica<\/h4>\n<p>El Ministerio de Planificaci\u00f3n e Infraestructura particip\u00f3 del VIII Congreso<br \/>\nForestal Latinoamericano (CONFLAT) y V Congreso Forestal Argentino. Uno<br \/>\nde los objetivos principales del encuentro internacional es la articulaci\u00f3n<br \/>\np\u00fablico- privada para generar valor en la industria maderera local.<\/p>\n<p>Las jornadas comenzaron este lunes y se extender\u00e1n hasta el mi\u00e9rcoles 29, en el Aula Magna de la Facultad de Ciencias Agrarias y luego, en las<br \/>\ninstalaciones del Centro Tecnol\u00f3gico de la Madera de Luj\u00e1n de Cuyo.<\/p>\n<p>El ministro Mario Isgro junto con la rectora de la UNCuyo, Esther S\u00e1nchez,<br \/>\nfueron los encargados de la apertura del Congreso con la tem\u00e1tica referida al \u201cRol de la madera en la obra p\u00fablica y privada\u201d. Tambi\u00e9n participaron Jorge Simoni, subsecretario de Obras P\u00fablicas y Mar\u00eda Marta Ontanilla, titular de IPV.<\/p>\n<p>\u201cCelebramos que haya este tipo de encuentro de car\u00e1cter latinoamericano, el aporte de la madera a la construcci\u00f3n colabora con varios de los puntos de los Objetivos de Desarrollo Sostenible para 2030. Es un honor acompa\u00f1ar desde el Gobierno de Mendoza a la academia\u201d sostuvo Isgro.<\/p>\n<p>Tambi\u00e9n hay m\u00e1s de 20 eventos paralelos organizados por destacadas<br \/>\nentidades internacionales, regionales y nacionales. Simposios, mesas<br \/>\ntem\u00e1ticas y visitas t\u00e9cnicas ser\u00e1n algunas de las actividades propuestas en las que se trabajar\u00e1n tem\u00e1ticas como industria forestal, sustentabilidad,<br \/>\nconstrucci\u00f3n con madera, mercados de carbono, arboricultura urbana y<br \/>\ncadenas productivas vinculadas.<\/p>\n<p>Los ejes tem\u00e1ticos fundamentales son: cambio clim\u00e1tico, ecolog\u00eda,<br \/>\nbiodiversidad y gen\u00e9tica forestal, sostenibilidad social y educaci\u00f3n<br \/>\nforestal,\u00a0biometr\u00eda, silvicultura e innovaci\u00f3n productiva y competitividad<br \/>\necon\u00f3mica. Se presentar\u00e1n m\u00e1s de 200 trabajos de investigaci\u00f3n.<\/p>\n<p>Adem\u00e1s, se firm\u00f3 un convenio entre la Facultad de Ciencias Agrarias de la<br \/>\nUncuyo y el Laboratorio de Vivienda del ministerio de Planificaci\u00f3n e<br \/>\nInfraestructura. El mismo celebra acuerdos de espec\u00edficos de capacitaci\u00f3n y<br \/>\nasesoramiento. Tambi\u00e9n dise\u00f1ar un proyecto de en el Establecimiento<br \/>\nDepurador \u201cAlmafuerte\u201d la plantaci\u00f3n de un bosque nativo productivo de<br \/>\n\u00e1lamos sobre el acre existente, con el fin de obtener una producci\u00f3n de materia prima que permita ser manufacturada en el Centro Tecnol\u00f3gico de la Madera para las construcciones de viviendas sociales.<\/p>\n<p><strong>Mendoza forestal<\/strong><\/p>\n<p>Las mesas con tem\u00e1ticas inherentes a Mendoza se refieren a restauraci\u00f3n<br \/>\necol\u00f3gica forestal, organizada por el Instituto Argentino de Investigaciones de Zonas \u00c1ridas Iadiza-Ianigla; ecolog\u00eda de paisaje como \u00e1mbito de integraci\u00f3n de procesos socioecon\u00f3micos y naturales en cuencas forestales, que lleva adelante la Facultad de Agronom\u00eda UNCPBA \/ Mendoza y es coordinada por la UNCuyo-Conicet-UNLu-FAUBA.<\/p>\n<p><strong>Simposio de Bosque Urbano<\/strong><\/p>\n<p>Esta actividad se realizar\u00e1 el 28 de marzo en la Sala Horcones. Aborda la<br \/>\nimportancia de los bosques urbanos, periurbanos y los espacios p\u00fablicos<br \/>\nabiertos y forestados, como sistemas multiprop\u00f3sitos relevantes en la<br \/>\nadaptaci\u00f3n al cambio clim\u00e1tico y la conservaci\u00f3n de la biodiversidad en<br \/>\nentornos urbanos y como estrategia viable para el confort humano y el uso<br \/>\neficiente de la energ\u00eda.<\/p>\n<p>La arboricultura urbana como especialidad que permite la apropiada selecci\u00f3n, manejo y conservaci\u00f3n de la vegetaci\u00f3n arb\u00f3rea plantada en \u00e1reas urbanizadas y su periferia resulta en un cultivo particular en convivencia con el ambiente construido. Es menester, por tanto, actualizar y consensuar la producci\u00f3n tecnificada de especies forestales de uso urbano, las t\u00e9cnicas correctas de plantaci\u00f3n en sitios urbanos, sistemas de riego eficiente, gesti\u00f3n y manejo adecuados y la evaluaci\u00f3n de riesgo en forestales a\u00f1osos o con patrones de crecimiento deficientes.<\/p>\n<p>El simposio busca adem\u00e1s poner en valor el aporte de servicios ecosist\u00e9micos relacionados al control de las temperaturas urbanas, niveles de contaminaci\u00f3n, regulaci\u00f3n de la luz natural y aportes a la salud psicof\u00edsica, el bienestar y la seguridad alimentaria de los habitantes, conformando ciudades m\u00e1s saludables, productivas, y potenciando el crecimiento econ\u00f3mico en t\u00e9rminos de turismo.<\/p>\n","protected":false},"excerpt":{"rendered":"<p>El encuentro ser\u00e1 hasta el mi\u00e9rcoles, en la Facultad de Ciencias Agrarias y en el Centro Tecnol\u00f3gico de la Madera en &#8230;<\/p>\n","protected":false},"author":7,"featured_media":120119,"comment_status":"open","ping_status":"open","sticky":false,"template":"","format":"standard","meta":{"footnotes":""},"categories":[5,10],"tags":[],"class_list":["post-120116","post","type-post","status-publish","format-standard","has-post-thumbnail","hentry","category-actualidad","category-destacadas"],"_links":{"self":[{"href":"https:\/\/vinasfm.com\/noticias\/wp-json\/wp\/v2\/posts\/120116","targetHints":{"allow":["GET"]}}],"collection":[{"href":"https:\/\/vinasfm.com\/noticias\/wp-json\/wp\/v2\/posts"}],"about":[{"href":"https:\/\/vinasfm.com\/noticias\/wp-json\/wp\/v2\/types\/post"}],"author":[{"embeddable":true,"href":"https:\/\/vinasfm.com\/noticias\/wp-json\/wp\/v2\/users\/7"}],"replies":[{"embeddable":true,"href":"https:\/\/vinasfm.com\/noticias\/wp-json\/wp\/v2\/comments?post=120116"}],"version-history":[{"count":1,"href":"https:\/\/vinasfm.com\/noticias\/wp-json\/wp\/v2\/posts\/120116\/revisions"}],"predecessor-version":[{"id":120120,"href":"https:\/\/vinasfm.com\/noticias\/wp-json\/wp\/v2\/posts\/120116\/revisions\/120120"}],"wp:featuredmedia":[{"embeddable":true,"href":"https:\/\/vinasfm.com\/noticias\/wp-json\/wp\/v2\/media\/120119"}],"wp:attachment":[{"href":"https:\/\/vinasfm.com\/noticias\/wp-json\/wp\/v2\/media?parent=120116"}],"wp:term":[{"taxonomy":"category","embeddable":true,"href":"https:\/\/vinasfm.com\/noticias\/wp-json\/wp\/v2\/categories?post=120116"},{"taxonomy":"post_tag","embeddable":true,"href":"https:\/\/vinasfm.com\/noticias\/wp-json\/wp\/v2\/tags?post=120116"}],"curies":[{"name":"wp","href":"https:\/\/api.w.org\/{rel}","templated":true}]}}