{"id":120112,"date":"2023-03-28T09:46:37","date_gmt":"2023-03-28T12:46:37","guid":{"rendered":"https:\/\/vinasfm.com\/noticias\/?p=120112"},"modified":"2023-03-29T09:10:41","modified_gmt":"2023-03-29T12:10:41","slug":"carlos-ponce-no-se-puede-pensar-en-alvear-como-un-territorio-no-desarollado","status":"publish","type":"post","link":"https:\/\/vinasfm.com\/noticias\/carlos-ponce-no-se-puede-pensar-en-alvear-como-un-territorio-no-desarollado\/","title":{"rendered":"CARLOS PONCE: &#8216;NO SE PUEDE PENSAR EN ALVEAR COMO UN TERRITORIO NO DESAROLLADO&#8217;"},"content":{"rendered":"<p>Carlos Ponce estuvo presente en el tradicional D\u00eda de Campo y aprovech\u00f3 el momento para presentar su propuesta denominada \u00abCrecimiento Productivo\u00bb.<\/p>\n<p><strong>\u00abNo se puede pensar en Alvear como un territorio que no est\u00e1 desarrollado en la parte agr\u00edcola y ganadera, de hecho en la segunda gesti\u00f3n de Marcolini propuse la modificaci\u00f3n de la Direcci\u00f3n de Agricultura, Ganader\u00eda y Faena para empezar a acompa\u00f1ar el proceso que va a traer el beneficio del acueducto ganadero que propiciara una mejora en la cr\u00eda\u00bb<\/strong>\u00a0expres\u00f3 el precandidato a intendente, Carlos Ponce.<\/p>\n<p><em><strong>\u00abTambi\u00e9n pretendemos poder establecer pol\u00edticas que nosotros estamos dise\u00f1ando, algunos amigos ganaderos est\u00e1n acompa\u00f1ando la propuesta de esta gesti\u00f3n 2023; se trata del proyecto de tranqueras adentro, que es un campo que tenga la capacidad de cr\u00eda con la ayuda del acueducto y a su vez una potencial recr\u00eda y una zona bajo riego que tenga la potencialidad de cr\u00eda y eventualmente un engorde&#8217;<\/strong><\/em>, explic\u00f3 y agreg\u00f3 <strong><em>&#8216;los gobernantes debemos enfocarnos en el desarrollo territorial que se da tranqueras afueras\u00bb.\u00a0\u00a0<\/em><\/strong><\/p>\n<h2>Crecimiento Productivo<\/h2>\n<p>Ponce destac\u00f3 que dentro de su propuesta de gobierno ya est\u00e1n planeadas las propuestas para el sector ganadero, que han denominado \u00abCrecimiento Productivo\u00bb.<\/p>\n<p>En materia pol\u00edtica, el precandidato desarroll\u00f3: \u00ab<em><strong>la pol\u00edtica es la discusi\u00f3n en donde la gente tiene que tener muchas opciones, en nuestro caso estamos con el prop\u00f3sito de encarar las PASO de la mejor manera donde tenemos buena comunicaci\u00f3n con todo el radicalismo y Cambia Mendoza. Hoy tenemos la convicci\u00f3n de que somos una opci\u00f3n valida para la gesti\u00f3n del Gobierno Municipal y estamos esperando que todas las etapas se puedan ir cumpliendo\u00bb.<\/strong><\/em><\/p>\n","protected":false},"excerpt":{"rendered":"<p>Carlos Ponce estuvo presente en el tradicional D\u00eda de Campo y aprovech\u00f3 el momento para presentar su propuesta denominada \u00abCrecimiento Productivo\u00bb. &#8230;<\/p>\n","protected":false},"author":7,"featured_media":120176,"comment_status":"open","ping_status":"open","sticky":false,"template":"","format":"standard","meta":{"footnotes":""},"categories":[5,10],"tags":[],"class_list":["post-120112","post","type-post","status-publish","format-standard","has-post-thumbnail","hentry","category-actualidad","category-destacadas"],"_links":{"self":[{"href":"https:\/\/vinasfm.com\/noticias\/wp-json\/wp\/v2\/posts\/120112","targetHints":{"allow":["GET"]}}],"collection":[{"href":"https:\/\/vinasfm.com\/noticias\/wp-json\/wp\/v2\/posts"}],"about":[{"href":"https:\/\/vinasfm.com\/noticias\/wp-json\/wp\/v2\/types\/post"}],"author":[{"embeddable":true,"href":"https:\/\/vinasfm.com\/noticias\/wp-json\/wp\/v2\/users\/7"}],"replies":[{"embeddable":true,"href":"https:\/\/vinasfm.com\/noticias\/wp-json\/wp\/v2\/comments?post=120112"}],"version-history":[{"count":4,"href":"https:\/\/vinasfm.com\/noticias\/wp-json\/wp\/v2\/posts\/120112\/revisions"}],"predecessor-version":[{"id":120171,"href":"https:\/\/vinasfm.com\/noticias\/wp-json\/wp\/v2\/posts\/120112\/revisions\/120171"}],"wp:featuredmedia":[{"embeddable":true,"href":"https:\/\/vinasfm.com\/noticias\/wp-json\/wp\/v2\/media\/120176"}],"wp:attachment":[{"href":"https:\/\/vinasfm.com\/noticias\/wp-json\/wp\/v2\/media?parent=120112"}],"wp:term":[{"taxonomy":"category","embeddable":true,"href":"https:\/\/vinasfm.com\/noticias\/wp-json\/wp\/v2\/categories?post=120112"},{"taxonomy":"post_tag","embeddable":true,"href":"https:\/\/vinasfm.com\/noticias\/wp-json\/wp\/v2\/tags?post=120112"}],"curies":[{"name":"wp","href":"https:\/\/api.w.org\/{rel}","templated":true}]}}