{"id":120111,"date":"2023-03-28T19:45:43","date_gmt":"2023-03-28T22:45:43","guid":{"rendered":"https:\/\/vinasfm.com\/noticias\/?p=120111"},"modified":"2023-03-29T10:39:18","modified_gmt":"2023-03-29T13:39:18","slug":"el-titular-de-vialidad-osvaldo-ramagnoli-dio-detalles-sobre-los-estados-de-las-rutas","status":"publish","type":"post","link":"https:\/\/vinasfm.com\/noticias\/el-titular-de-vialidad-osvaldo-ramagnoli-dio-detalles-sobre-los-estados-de-las-rutas\/","title":{"rendered":"EL TITULAR DE VIALIDAD OSVALDO ROMAGNOLI DIO DETALLES SOBRE LOS ESTADOS DE LAS RUTAS"},"content":{"rendered":"<p>Durante el tradicional D\u00eda de Campo se realizaron reclamos por la conectividad en algunas zonas de las Rutas Nacionales 188 y 143. Sin embargo un reclamo de vieja data es el mal estado de las v\u00edas.<\/p>\n<p><em><strong>&#8216;Las grandes lluvias de las \u00faltimas semanas hicieron un importante cambio en la sequ\u00eda, eso hizo que cambie el perfil de los equipos, la situaci\u00f3n de las rutas y los planteos de las personas. Si trabajamos codo a codo entre la parte p\u00fablica y la privada con el conocimiento, necesidades y la b\u00fasqueda de planificaci\u00f3n nos va a llevar a ser m\u00e1s eficientes y prestar un mejor servicio<\/strong><\/em>&#8216;, planteo el titular de Vialidad, Osvaldo Ramagnoli.<\/p>\n<p><strong>&#8216;En la Fiesta de la Ganader\u00eda del a\u00f1o pasado firmamos un fideicomiso muy exitoso, logramos incorporar una partida presupuestaria para la producci\u00f3n, distribuci\u00f3n y puesta en camino de enripiados, esto nos lleva a que las rutas secundarias pasen a un camino enripiado<\/strong>&#8216; sostuvo Ramagnoli.<\/p>\n<p>Por otro lado, dio detalles de las rutas asfaltadas:<\/p>\n<p>Monte Coman &#8211; Catitas: se realiz\u00f3 un trabajo de bacheo sobre la ruta 171. <em><strong>&#8216;Si se trabaja sobre una carpeta con una base deteriorada es una perdida de inversi\u00f3n&#8217;.\u00a0<\/strong><\/em><\/p>\n<p>Ruta 153: se realiz\u00f3 la primera etapa de desmalezado, se pretende realizarlo tres veces al a\u00f1o para ganar un ensanche en los caminos. &#8216;Ganar espacio servir\u00e1 como cortafuego y adem\u00e1s ayudar\u00e1 a reducir la accidentolog\u00eda&#8217;.<\/p>\n<p><em><strong>&#8216;La conciencia es muy grande y estamos trabajando a pleno para mantener las rutas es el mejor estado&#8217;<\/strong><\/em> recalc\u00f3.<\/p>\n<h2>CARTELER\u00cdA DE SEGURIDAD VIAL<\/h2>\n<p>En cuanto a la falta de carteler\u00eda de las v\u00edas hizo hincapi\u00e9 en que hay que tomar conciencia por el vandalismos, <strong><em>&#8216;hay personas que rompen los carteles sin tener en cuenta que est\u00e1n ah\u00ed para salvar vidas. Las estamos cambiando para que sean mucho m\u00e1s efectivas&#8217;.<\/em><\/strong><\/p>\n","protected":false},"excerpt":{"rendered":"<p>Durante el tradicional D\u00eda de Campo se realizaron reclamos por la conectividad en algunas zonas de las Rutas Nacionales 188 y &#8230;<\/p>\n","protected":false},"author":7,"featured_media":120185,"comment_status":"open","ping_status":"open","sticky":false,"template":"","format":"standard","meta":{"footnotes":""},"categories":[5,10],"tags":[],"class_list":["post-120111","post","type-post","status-publish","format-standard","has-post-thumbnail","hentry","category-actualidad","category-destacadas"],"_links":{"self":[{"href":"https:\/\/vinasfm.com\/noticias\/wp-json\/wp\/v2\/posts\/120111","targetHints":{"allow":["GET"]}}],"collection":[{"href":"https:\/\/vinasfm.com\/noticias\/wp-json\/wp\/v2\/posts"}],"about":[{"href":"https:\/\/vinasfm.com\/noticias\/wp-json\/wp\/v2\/types\/post"}],"author":[{"embeddable":true,"href":"https:\/\/vinasfm.com\/noticias\/wp-json\/wp\/v2\/users\/7"}],"replies":[{"embeddable":true,"href":"https:\/\/vinasfm.com\/noticias\/wp-json\/wp\/v2\/comments?post=120111"}],"version-history":[{"count":2,"href":"https:\/\/vinasfm.com\/noticias\/wp-json\/wp\/v2\/posts\/120111\/revisions"}],"predecessor-version":[{"id":120203,"href":"https:\/\/vinasfm.com\/noticias\/wp-json\/wp\/v2\/posts\/120111\/revisions\/120203"}],"wp:featuredmedia":[{"embeddable":true,"href":"https:\/\/vinasfm.com\/noticias\/wp-json\/wp\/v2\/media\/120185"}],"wp:attachment":[{"href":"https:\/\/vinasfm.com\/noticias\/wp-json\/wp\/v2\/media?parent=120111"}],"wp:term":[{"taxonomy":"category","embeddable":true,"href":"https:\/\/vinasfm.com\/noticias\/wp-json\/wp\/v2\/categories?post=120111"},{"taxonomy":"post_tag","embeddable":true,"href":"https:\/\/vinasfm.com\/noticias\/wp-json\/wp\/v2\/tags?post=120111"}],"curies":[{"name":"wp","href":"https:\/\/api.w.org\/{rel}","templated":true}]}}