{"id":120105,"date":"2023-03-28T09:12:31","date_gmt":"2023-03-28T12:12:31","guid":{"rendered":"https:\/\/vinasfm.com\/noticias\/?p=120105"},"modified":"2023-03-29T08:32:11","modified_gmt":"2023-03-29T11:32:11","slug":"el-jefe-de-la-policia-departamental-realizo-un-relevamiento-de-la-actividad-policial-en-materia-de-siniestros-viales","status":"publish","type":"post","link":"https:\/\/vinasfm.com\/noticias\/el-jefe-de-la-policia-departamental-realizo-un-relevamiento-de-la-actividad-policial-en-materia-de-siniestros-viales\/","title":{"rendered":"EL JEFE DE LA POLIC\u00cdA DEPARTAMENTAL, REALIZ\u00d3 UN RESUMEN DE LA ACTIVIDAD POLICIAL EN MATERIA DE SINIESTROS VIALES"},"content":{"rendered":"<p><strong>Durante la semana pasada se not\u00f3 un importante aumento en los accidentes de transito. Por tal motivo, el Jefe de la Polic\u00eda Departamental Iv\u00e1n Berm\u00fadez dio detalles de la actividad policial en el fin de semana.\u00a0<\/strong><\/p>\n<p>El d\u00eda s\u00e1bado en horas del mediod\u00eda, 13:30hs, se tom\u00f3 conocimiento de un siniestro vial en la ruta 143 frente a la bodega Rubio, por el lugar circulaban dos veh\u00edculos con direcci\u00f3n hacia General Alvear, un utilitario y detr\u00e1s de este una camioneta Renault Duster; la que por razones que se tratar\u00e1n de establecer la Duster impacta al veh\u00edculo utilitario y produce que este se desplace hacia su costado derecho por el mismo lado que circulaba y termina en la parte baja de la ruta. En tanto que la camioneta luego de impactar se cambia de carril y se produce la coalici\u00f3n con el veh\u00edculo que circulaba en direcci\u00f3n contraria, siendo una Toyota Hilux. Producto del fuerte impacto las dos personas que viajaban a bordo de la Duster perdieron la vida.<\/p>\n<p><a href=\"http:\/\/vinasfm.com\/noticias\/wp-content\/uploads\/2023\/03\/IMG-20230325-WA0008.jpg\"><img loading=\"lazy\" decoding=\"async\" class=\"wp-image-120051 aligncenter\" src=\"http:\/\/vinasfm.com\/noticias\/wp-content\/uploads\/2023\/03\/IMG-20230325-WA0008-e1680005397325.jpg\" alt=\"\" width=\"601\" height=\"330\" srcset=\"https:\/\/vinasfm.com\/noticias\/wp-content\/uploads\/2023\/03\/IMG-20230325-WA0008-e1680005397325.jpg 768w, https:\/\/vinasfm.com\/noticias\/wp-content\/uploads\/2023\/03\/IMG-20230325-WA0008-e1680005397325-300x165.jpg 300w\" sizes=\"auto, (max-width: 601px) 100vw, 601px\" \/><\/a><\/p>\n<p><em><strong>&#8216;Por suerte no hemos tenido que lamentar hechos de gravedad salvo el que acabamos de rese\u00f1ar&#8217;<\/strong><\/em> destac\u00f3 el Jefe de la Polic\u00eda Departamental. Sin embargo, antes de ayer en horas de la tarde en Cochico a unos 20km al sur, una familia que ven\u00eda de la provincia de Neuquen con destino a San Rafael se vio involucrada en un nuevo siniestro. Aparentemente el conductor se habr\u00eda quedado dormido y por tal motivo se produjo un vuelco, los ocupantes de la movilidad fueron trasladados al nosocomio local con lesiones de gravedad.<\/p>\n<p>Por otro lado, Berm\u00fadez se refiri\u00f3 al sistema de comunicaci\u00f3n con el cual cuentan los efectivos policiales, <strong>&#8216;sin lugar a dudas con los tiempos que estamos viviendo la comunicaci\u00f3n es todo, en cuanto al funcionamiento de equipos TETRA (un est\u00e1ndar mundial para la radio trunking digital), hay algunos sectores que no la tienen y se est\u00e1 trabajando en esto&#8217;.<\/strong><\/p>\n","protected":false},"excerpt":{"rendered":"<p>Durante la semana pasada se not\u00f3 un importante aumento en los accidentes de transito. Por tal motivo, el Jefe de la &#8230;<\/p>\n","protected":false},"author":7,"featured_media":117843,"comment_status":"open","ping_status":"open","sticky":false,"template":"","format":"standard","meta":{"footnotes":""},"categories":[5,4],"tags":[],"class_list":["post-120105","post","type-post","status-publish","format-standard","has-post-thumbnail","hentry","category-actualidad","category-policiales"],"_links":{"self":[{"href":"https:\/\/vinasfm.com\/noticias\/wp-json\/wp\/v2\/posts\/120105","targetHints":{"allow":["GET"]}}],"collection":[{"href":"https:\/\/vinasfm.com\/noticias\/wp-json\/wp\/v2\/posts"}],"about":[{"href":"https:\/\/vinasfm.com\/noticias\/wp-json\/wp\/v2\/types\/post"}],"author":[{"embeddable":true,"href":"https:\/\/vinasfm.com\/noticias\/wp-json\/wp\/v2\/users\/7"}],"replies":[{"embeddable":true,"href":"https:\/\/vinasfm.com\/noticias\/wp-json\/wp\/v2\/comments?post=120105"}],"version-history":[{"count":3,"href":"https:\/\/vinasfm.com\/noticias\/wp-json\/wp\/v2\/posts\/120105\/revisions"}],"predecessor-version":[{"id":120123,"href":"https:\/\/vinasfm.com\/noticias\/wp-json\/wp\/v2\/posts\/120105\/revisions\/120123"}],"wp:featuredmedia":[{"embeddable":true,"href":"https:\/\/vinasfm.com\/noticias\/wp-json\/wp\/v2\/media\/117843"}],"wp:attachment":[{"href":"https:\/\/vinasfm.com\/noticias\/wp-json\/wp\/v2\/media?parent=120105"}],"wp:term":[{"taxonomy":"category","embeddable":true,"href":"https:\/\/vinasfm.com\/noticias\/wp-json\/wp\/v2\/categories?post=120105"},{"taxonomy":"post_tag","embeddable":true,"href":"https:\/\/vinasfm.com\/noticias\/wp-json\/wp\/v2\/tags?post=120105"}],"curies":[{"name":"wp","href":"https:\/\/api.w.org\/{rel}","templated":true}]}}