{"id":120103,"date":"2023-03-28T08:55:10","date_gmt":"2023-03-28T11:55:10","guid":{"rendered":"https:\/\/vinasfm.com\/noticias\/?p=120103"},"modified":"2023-03-29T08:59:06","modified_gmt":"2023-03-29T11:59:06","slug":"la-fundacion-conin-se-encuentra-en-el-departamento-realizando-chequeos-sanitarios","status":"publish","type":"post","link":"https:\/\/vinasfm.com\/noticias\/la-fundacion-conin-se-encuentra-en-el-departamento-realizando-chequeos-sanitarios\/","title":{"rendered":"LA FUNDACI\u00d3N CONIN ESTUVO EN EL DEPARTAMENTO REALIZANDO CHEQUEOS SANITARIOS"},"content":{"rendered":"<p><strong>La Fundaci\u00f3n Oportunidades estuvo presente en Bowen el d\u00eda de ayer y hoy estar\u00e1 presente en la Plaza del Barrio San Carlos.<\/strong><\/p>\n<p><em><strong>&#8216;El objetivo de la visita al departamento es hacer un relevamiento, sobre todo nutricional, de ni\u00f1os y ni\u00f1as de entre 0 a 5 a\u00f1os y en mujeres embarazadas&#8217;<\/strong><\/em>, dijo la Directora de Familia, Cecilia Ariet. Esta actividad se repetir\u00e1 hoy (28\/03) en la Plaza del Barrio San Carlos.<\/p>\n<p>Dentro de la unidad m\u00f3vil hay un equipo interdisciplinario de la Fundaci\u00f3n Oportunidades, a cargo de la licenciada Mar\u00eda Silvia Sad quien es la presidenta de esta fundaci\u00f3n.<\/p>\n<p><em><strong>&#8216;Hace tiempo CONIN cuenta con una unidad m\u00f3vil que recorre todo el pa\u00eds y desde el mes de marzo se encuentra en Mendoza y nos ofreci\u00f3 la oportunidad de contar con el servicio en Alvear&#8217;<\/strong><\/em>, explic\u00f3 Ariet y detall\u00f3 que cuentan con atenci\u00f3n nutricional, pedi\u00e1trica y social.<strong> &#8216;Con la informaci\u00f3n que recolectamos se realizar\u00e1 un relevamiento que se vuelca en datos para observar la realidad local&#8217;.\u00a0<\/strong><\/p>\n<p><strong><em>&#8216;La realidad es muy dura, vemos que la falta de participaci\u00f3n y preocupaci\u00f3n de los adultos genera resultados negativos en la salud de los chicos&#8217;<\/em><\/strong>, concluy\u00f3 Mar\u00eda Silvia Sad.<\/p>\n<h2>FUNDACI\u00d3N CONIN<\/h2>\n<p>La Cooperadora para la Nutrici\u00f3n Infantil es una fundaci\u00f3n sin fines de lucro argentina dedicada a la prevenci\u00f3n y recuperaci\u00f3n de ni\u00f1os desnutridos de 0 a 5 a\u00f1os con alto riesgo social o nutricional y la asistencia a sus familias.<\/p>\n","protected":false},"excerpt":{"rendered":"<p>La Fundaci\u00f3n Oportunidades estuvo presente en Bowen el d\u00eda de ayer y hoy estar\u00e1 presente en la Plaza del Barrio San &#8230;<\/p>\n","protected":false},"author":7,"featured_media":120003,"comment_status":"open","ping_status":"open","sticky":false,"template":"","format":"standard","meta":{"footnotes":""},"categories":[5,15],"tags":[],"class_list":["post-120103","post","type-post","status-publish","format-standard","has-post-thumbnail","hentry","category-actualidad","category-salud"],"_links":{"self":[{"href":"https:\/\/vinasfm.com\/noticias\/wp-json\/wp\/v2\/posts\/120103","targetHints":{"allow":["GET"]}}],"collection":[{"href":"https:\/\/vinasfm.com\/noticias\/wp-json\/wp\/v2\/posts"}],"about":[{"href":"https:\/\/vinasfm.com\/noticias\/wp-json\/wp\/v2\/types\/post"}],"author":[{"embeddable":true,"href":"https:\/\/vinasfm.com\/noticias\/wp-json\/wp\/v2\/users\/7"}],"replies":[{"embeddable":true,"href":"https:\/\/vinasfm.com\/noticias\/wp-json\/wp\/v2\/comments?post=120103"}],"version-history":[{"count":4,"href":"https:\/\/vinasfm.com\/noticias\/wp-json\/wp\/v2\/posts\/120103\/revisions"}],"predecessor-version":[{"id":120167,"href":"https:\/\/vinasfm.com\/noticias\/wp-json\/wp\/v2\/posts\/120103\/revisions\/120167"}],"wp:featuredmedia":[{"embeddable":true,"href":"https:\/\/vinasfm.com\/noticias\/wp-json\/wp\/v2\/media\/120003"}],"wp:attachment":[{"href":"https:\/\/vinasfm.com\/noticias\/wp-json\/wp\/v2\/media?parent=120103"}],"wp:term":[{"taxonomy":"category","embeddable":true,"href":"https:\/\/vinasfm.com\/noticias\/wp-json\/wp\/v2\/categories?post=120103"},{"taxonomy":"post_tag","embeddable":true,"href":"https:\/\/vinasfm.com\/noticias\/wp-json\/wp\/v2\/tags?post=120103"}],"curies":[{"name":"wp","href":"https:\/\/api.w.org\/{rel}","templated":true}]}}