{"id":120101,"date":"2023-03-28T08:36:02","date_gmt":"2023-03-28T11:36:02","guid":{"rendered":"https:\/\/vinasfm.com\/noticias\/?p=120101"},"modified":"2023-03-28T11:16:05","modified_gmt":"2023-03-28T14:16:05","slug":"alejandro-zlotolow-dio-detalles-sobre-mendoza-emprende-semilla-iii-y-mendoza-audiovisual","status":"publish","type":"post","link":"https:\/\/vinasfm.com\/noticias\/alejandro-zlotolow-dio-detalles-sobre-mendoza-emprende-semilla-iii-y-mendoza-audiovisual\/","title":{"rendered":"ALEJANDRO ZLOTOLOW DIO DETALLES SOBRE \u00abMENDOZA EMPRENDE SEMILLA III\u00bb Y \u00abMENDOZA AUDIOVISUAL\u00bb"},"content":{"rendered":"<p><strong>Mendoza Emprende Semilla es un programa del Ministerio de Econom\u00eda y Energ\u00eda de Mendoza que permite a los emprendedores que tengan una actividad funcionando o apunten a la apertura de un nuevo emprendimiento, acceder a una asistencia financiera destinada a la compra de maquinarias, herramientas, insumos y bienes de cambio (mercader\u00eda).<\/strong><\/p>\n<p><strong><em>&#8216;El programa busca crear nuevos emprendimientos y fortalecer las ideas de los emprendedores peque\u00f1os. Hemos tenido una gran afluencia de gente, tiene un porcentaje de redito que busca generar proyectos productivos&#8217;<\/em><\/strong>, explic\u00f3 el Alejandro Zlotolow.<\/p>\n<p><strong><em>&#8216;Las primeras dos ediciones fueron exitosas con 2200 proyectos en total, en esta nueva edici\u00f3n se cuenta con un cupo de mil proyectos&#8217;<\/em><\/strong>, agreg\u00f3 el Subsecretario de Industria y Comercio y sum\u00f3 <em><strong>&#8216;esta vez nos enfocamos en el ahorro energ\u00e9tico, la posibilidad de defensa agr\u00edcola, mejoras de riego\u00a0 y energ\u00eda solar, todo vinculado a mejorar la eficiencia&#8217;.<br \/>\n<\/strong><\/em><\/p>\n<p>Cada proyecto podr\u00e1 acceder a un cr\u00e9dito de hasta $500.000: el 40% no deber\u00e1 ser reintegrado ya que se trata de Aportes No Reembolsables (ANR) y el 60% restante se podr\u00e1 devolver en 24 meses, con 6 meses de gracia (incluidos) y una tasa subsidiada del 12% anual.<\/p>\n<p>Los postulantes podr\u00e1n ser personas f\u00edsicas y jur\u00eddicas con inscripci\u00f3n impositiva en AFIP y ATM, y contar con un garante con bono de sueldo. El garante deber\u00e1 ser persona humana en relaci\u00f3n de dependencia con una antig\u00fcedad m\u00ednima de 6 meses y presentar sus 3 \u00faltimos bonos de sueldo.<\/p>\n<p>La fecha de apertura de la ventanilla de inscripci\u00f3n de proyectos fue desde el <strong>20 hasta el 25 de marzo de 2023.<br \/>\n<\/strong><\/p>\n<h2>MENDOZA AUDIOVISUAL<\/h2>\n<p>En el mismo contexto, Zlotolow se refiri\u00f3 al programa que busca promover de inversiones mendocinas, del resto del pa\u00eds y del mundo para la \u00a0pre-producci\u00f3n, producci\u00f3n y pos-producci\u00f3n de contenidos audiovisuales.<\/p>\n<p>El Subsecretario destac\u00f3 que esta semana comenzar\u00eda el rodaje de una pel\u00edcula \u00abJaque Mate\u00bb, producida por Adri\u00e1n Suar. Adem\u00e1s se concretar\u00e1 el arribo de otras producciones audiovisuales.<\/p>\n<p>En esta l\u00ednea de Mendoza Audiovisual,\u00a0<b>quienes presenten proyectos a desarrollarse en la provincia y utilicen m\u00e1s de 50% de mano de obra local obtendr\u00e1n un reintegro en efectivo de 40%<\/b>\u00a0de las inversiones que realicen.<\/p>\n<p>Por \u00faltimo, Zlotolow expres\u00f3 que <em><strong>&#8216;Mendoza tiene recursos y ahorros. Se ha logrado reducir la deuda, disponer de recursos para realizar estos programas&#8217;.<\/strong><\/em><\/p>\n<p>&nbsp;<\/p>\n","protected":false},"excerpt":{"rendered":"<p>Mendoza Emprende Semilla es un programa del Ministerio de Econom\u00eda y Energ\u00eda de Mendoza que permite a los emprendedores que tengan &#8230;<\/p>\n","protected":false},"author":7,"featured_media":31577,"comment_status":"open","ping_status":"open","sticky":false,"template":"","format":"standard","meta":{"footnotes":""},"categories":[5,10],"tags":[],"class_list":["post-120101","post","type-post","status-publish","format-standard","has-post-thumbnail","hentry","category-actualidad","category-destacadas"],"_links":{"self":[{"href":"https:\/\/vinasfm.com\/noticias\/wp-json\/wp\/v2\/posts\/120101","targetHints":{"allow":["GET"]}}],"collection":[{"href":"https:\/\/vinasfm.com\/noticias\/wp-json\/wp\/v2\/posts"}],"about":[{"href":"https:\/\/vinasfm.com\/noticias\/wp-json\/wp\/v2\/types\/post"}],"author":[{"embeddable":true,"href":"https:\/\/vinasfm.com\/noticias\/wp-json\/wp\/v2\/users\/7"}],"replies":[{"embeddable":true,"href":"https:\/\/vinasfm.com\/noticias\/wp-json\/wp\/v2\/comments?post=120101"}],"version-history":[{"count":2,"href":"https:\/\/vinasfm.com\/noticias\/wp-json\/wp\/v2\/posts\/120101\/revisions"}],"predecessor-version":[{"id":120128,"href":"https:\/\/vinasfm.com\/noticias\/wp-json\/wp\/v2\/posts\/120101\/revisions\/120128"}],"wp:featuredmedia":[{"embeddable":true,"href":"https:\/\/vinasfm.com\/noticias\/wp-json\/wp\/v2\/media\/31577"}],"wp:attachment":[{"href":"https:\/\/vinasfm.com\/noticias\/wp-json\/wp\/v2\/media?parent=120101"}],"wp:term":[{"taxonomy":"category","embeddable":true,"href":"https:\/\/vinasfm.com\/noticias\/wp-json\/wp\/v2\/categories?post=120101"},{"taxonomy":"post_tag","embeddable":true,"href":"https:\/\/vinasfm.com\/noticias\/wp-json\/wp\/v2\/tags?post=120101"}],"curies":[{"name":"wp","href":"https:\/\/api.w.org\/{rel}","templated":true}]}}