{"id":120095,"date":"2023-03-27T12:43:14","date_gmt":"2023-03-27T15:43:14","guid":{"rendered":"https:\/\/vinasfm.com\/noticias\/?p=120095"},"modified":"2023-03-28T10:28:19","modified_gmt":"2023-03-28T13:28:19","slug":"hallaron-sin-vida-a-un-abogado-en-un-estudio-juridico-en-san-rafael","status":"publish","type":"post","link":"https:\/\/vinasfm.com\/noticias\/hallaron-sin-vida-a-un-abogado-en-un-estudio-juridico-en-san-rafael\/","title":{"rendered":"HALLARON SIN VIDA A UN ABOGADO EN UN ESTUDIO JUR\u00cdDICO EN SAN RAFAEL"},"content":{"rendered":"<div class=\"x11i5rnm xat24cr x1mh8g0r x1vvkbs xdj266r x126k92a\">\n<div dir=\"auto\">Este domingo por la tarde encontraron sin vida a un hombre en el interior de un estudio jur\u00eddico de calle San Luis 835. Seg\u00fan inform\u00f3 la Distrital Dos, a las 19.20 desplazaron polic\u00edas al lugar por un aviso de una persona fallecida en el lugar y luego convocaron al Servicio de Emergencia Coordinado, que confirm\u00f3 la muerte.<\/div>\n<div dir=\"auto\"><strong>Fue identificado como Rodrigo Facundo Quiroga, un abogado de 36 a\u00f1os que vive en la parte de atr\u00e1s del estudio<\/strong>. Es hijo de C\u00e9sar Quiroga, quien se desempe\u00f1\u00f3 por a\u00f1os en la delegaci\u00f3n local de la Direcci\u00f3n de Recursos Naturales Renovables y que actualmente est\u00e1 retirado de esa funci\u00f3n.<\/div>\n<\/div>\n<div class=\"x11i5rnm xat24cr x1mh8g0r x1vvkbs xtlvy1s x126k92a\">\n<div dir=\"auto\"><\/div>\n<div dir=\"auto\">Se abri\u00f3 una causa en \u201caveriguaci\u00f3n causales de muerte\u201d y este lunes se realizar\u00e1 la autopsia para determinar el origen del fallecimiento.<\/div>\n<\/div>\n","protected":false},"excerpt":{"rendered":"<p>Este domingo por la tarde encontraron sin vida a un hombre en el interior de un estudio jur\u00eddico de calle San &#8230;<\/p>\n","protected":false},"author":7,"featured_media":120096,"comment_status":"open","ping_status":"open","sticky":false,"template":"","format":"standard","meta":{"footnotes":""},"categories":[5,4],"tags":[],"class_list":["post-120095","post","type-post","status-publish","format-standard","has-post-thumbnail","hentry","category-actualidad","category-policiales"],"_links":{"self":[{"href":"https:\/\/vinasfm.com\/noticias\/wp-json\/wp\/v2\/posts\/120095","targetHints":{"allow":["GET"]}}],"collection":[{"href":"https:\/\/vinasfm.com\/noticias\/wp-json\/wp\/v2\/posts"}],"about":[{"href":"https:\/\/vinasfm.com\/noticias\/wp-json\/wp\/v2\/types\/post"}],"author":[{"embeddable":true,"href":"https:\/\/vinasfm.com\/noticias\/wp-json\/wp\/v2\/users\/7"}],"replies":[{"embeddable":true,"href":"https:\/\/vinasfm.com\/noticias\/wp-json\/wp\/v2\/comments?post=120095"}],"version-history":[{"count":2,"href":"https:\/\/vinasfm.com\/noticias\/wp-json\/wp\/v2\/posts\/120095\/revisions"}],"predecessor-version":[{"id":120100,"href":"https:\/\/vinasfm.com\/noticias\/wp-json\/wp\/v2\/posts\/120095\/revisions\/120100"}],"wp:featuredmedia":[{"embeddable":true,"href":"https:\/\/vinasfm.com\/noticias\/wp-json\/wp\/v2\/media\/120096"}],"wp:attachment":[{"href":"https:\/\/vinasfm.com\/noticias\/wp-json\/wp\/v2\/media?parent=120095"}],"wp:term":[{"taxonomy":"category","embeddable":true,"href":"https:\/\/vinasfm.com\/noticias\/wp-json\/wp\/v2\/categories?post=120095"},{"taxonomy":"post_tag","embeddable":true,"href":"https:\/\/vinasfm.com\/noticias\/wp-json\/wp\/v2\/tags?post=120095"}],"curies":[{"name":"wp","href":"https:\/\/api.w.org\/{rel}","templated":true}]}}