{"id":120088,"date":"2023-03-27T11:24:25","date_gmt":"2023-03-27T14:24:25","guid":{"rendered":"https:\/\/vinasfm.com\/noticias\/?p=120088"},"modified":"2023-03-28T10:20:34","modified_gmt":"2023-03-28T13:20:34","slug":"vacunacion-antigripal-en-mendoza-cuando-inicia-la-campana-para-mayores-de-65-anos","status":"publish","type":"post","link":"https:\/\/vinasfm.com\/noticias\/vacunacion-antigripal-en-mendoza-cuando-inicia-la-campana-para-mayores-de-65-anos\/","title":{"rendered":"VACUNACI\u00d3N ANTIGRIPAL EN MENDOZA: CU\u00c1NDO INICIA LA CAMPA\u00d1A PARA MAYORES DE 65 A\u00d1OS"},"content":{"rendered":"<p><strong>La provincia recibi\u00f3 dosis de vacunas adyuvantada, aprobada para adultos mayores. Adem\u00e1s, se activa la inmunizaci\u00f3n para las personas con comorbilidades.<\/strong><\/p>\n<p>El viernes 17 de marzo, arranc\u00f3 en Mendoza la\u00a0<strong>campa\u00f1a de vacunaci\u00f3n antigripal<\/strong>. La provincia recibi\u00f3 un lote de 70 mil dosis destinados a adultos y ni\u00f1os. En esa etapa, los mayores de 65 a\u00f1os\u00a0no ingresaron, ya que no contaban con la\u00a0<strong>vacuna adyuvantada.<\/strong><\/p>\n<p>Se trata de una vacuna que demostr\u00f3 una respuesta de anticuerpos aumentada, particularmente en adultos mayores y\/o con enfermedades como diabetes, cardiovasculares y respiratorias, quienes tienen mayor riesgo de complicaciones por la influenza.<\/p>\n<p>Sin embargo,\u00a0<strong>en las \u00faltimas horas, arrib\u00f3 a la provincia un lote con esas dosis especiales<\/strong>, motivo por el que se estima que, entre este martes y el jueves, las autoridades sanitarias locales anunciar\u00e1n la activaci\u00f3n de la inmunizaci\u00f3n para ellos.<\/p>\n<p>De esta manera, esta semana los mayores de 65 a\u00f1os junto con las personas que posean alg\u00fan tipo de comorbilidad, estar\u00e1n habilitados para sumarse a la campa\u00f1a 2022 que ya arranc\u00f3 con:<\/p>\n<ul>\n<li>Profesionales de la salud.<\/li>\n<li>Embarazadas.<\/li>\n<li>Pu\u00e9rperas (hasta 10 d\u00edas post parto).<\/li>\n<li>Ni\u00f1os de 6 a 24 meses.<\/li>\n<li>Ni\u00f1os mayores de 25 meses con alguna enfermedad de base.<\/li>\n<\/ul>\n<h2 id=\"h-requisitos\">Requisitos<\/h2>\n<p>Los mayores de 65 a\u00f1os que accedan a la campa\u00f1a deben saber que la misma\u00a0es libre y gratuita.<\/p>\n<p>Deber\u00e1n asistir sin turno previo\u00a0al Centro de Salud m\u00e1s pr\u00f3ximo a su domicilio o a vacunatorios de hospitales p\u00fablicos,<\/p>\n<p><mark class=\"has-inline-color amp-wp-b0b2a0e\" data-amp-original-style=\"background-color:#FFFFFF\"><\/mark>\u00a0con la siguiente documentaci\u00f3n:<\/p>\n<ul>\n<li>Documento Nacional de Identidad.<\/li>\n<li>Cartilla de vacunaci\u00f3n.<\/li>\n<li>Certificado m\u00e9dico (en caso de que sea necesario).<\/li>\n<\/ul>\n<p>Un dato a tener en cuenta es que\u00a0las personas que, en los \u00faltimos meses, se colocaron la bivalente como vacuna de refuerzo contra el coronavirus, de todos modos deben inmunizarse contra la influenza.<\/p>\n<p>Lo cierto es que la bivalente de Pfizer o Moderna protege contra dos variantes del Covid-19, la original, detectada en Wuhan, China, y la mutaci\u00f3n denominada \u00d3micron; y se suman a la estrategia como dosis de refuerzo, pero no remplaza a la antigripal.<\/p>\n","protected":false},"excerpt":{"rendered":"<p>La provincia recibi\u00f3 dosis de vacunas adyuvantada, aprobada para adultos mayores. Adem\u00e1s, se activa la inmunizaci\u00f3n para las personas con comorbilidades. &#8230;<\/p>\n","protected":false},"author":7,"featured_media":103049,"comment_status":"open","ping_status":"open","sticky":false,"template":"","format":"standard","meta":{"footnotes":""},"categories":[5,15],"tags":[],"class_list":["post-120088","post","type-post","status-publish","format-standard","has-post-thumbnail","hentry","category-actualidad","category-salud"],"_links":{"self":[{"href":"https:\/\/vinasfm.com\/noticias\/wp-json\/wp\/v2\/posts\/120088","targetHints":{"allow":["GET"]}}],"collection":[{"href":"https:\/\/vinasfm.com\/noticias\/wp-json\/wp\/v2\/posts"}],"about":[{"href":"https:\/\/vinasfm.com\/noticias\/wp-json\/wp\/v2\/types\/post"}],"author":[{"embeddable":true,"href":"https:\/\/vinasfm.com\/noticias\/wp-json\/wp\/v2\/users\/7"}],"replies":[{"embeddable":true,"href":"https:\/\/vinasfm.com\/noticias\/wp-json\/wp\/v2\/comments?post=120088"}],"version-history":[{"count":1,"href":"https:\/\/vinasfm.com\/noticias\/wp-json\/wp\/v2\/posts\/120088\/revisions"}],"predecessor-version":[{"id":120089,"href":"https:\/\/vinasfm.com\/noticias\/wp-json\/wp\/v2\/posts\/120088\/revisions\/120089"}],"wp:featuredmedia":[{"embeddable":true,"href":"https:\/\/vinasfm.com\/noticias\/wp-json\/wp\/v2\/media\/103049"}],"wp:attachment":[{"href":"https:\/\/vinasfm.com\/noticias\/wp-json\/wp\/v2\/media?parent=120088"}],"wp:term":[{"taxonomy":"category","embeddable":true,"href":"https:\/\/vinasfm.com\/noticias\/wp-json\/wp\/v2\/categories?post=120088"},{"taxonomy":"post_tag","embeddable":true,"href":"https:\/\/vinasfm.com\/noticias\/wp-json\/wp\/v2\/tags?post=120088"}],"curies":[{"name":"wp","href":"https:\/\/api.w.org\/{rel}","templated":true}]}}