{"id":120068,"date":"2023-03-27T09:11:43","date_gmt":"2023-03-27T12:11:43","guid":{"rendered":"https:\/\/vinasfm.com\/noticias\/?p=120068"},"modified":"2023-03-28T09:14:39","modified_gmt":"2023-03-28T12:14:39","slug":"mendoza-tiene-mas-de-200-escuelas-primarias-con-jornada-completa","status":"publish","type":"post","link":"https:\/\/vinasfm.com\/noticias\/mendoza-tiene-mas-de-200-escuelas-primarias-con-jornada-completa\/","title":{"rendered":"MENDOZA TIENE M\u00c1S DE 200 ESCUELAS PRIMARIAS CON JORNADA COMPLETA"},"content":{"rendered":"<h4>La Provincia suma 29 instituciones m\u00e1s que brindar\u00e1n siete horas de clases a todos sus estudiantes en los diferentes grados. La ampliaci\u00f3n horaria es de car\u00e1cter obligatorio y ayudar\u00e1 a mejorar la asistencia y fortalecer los procesos de aprendizaje<\/h4>\n<p>El Programa de Extensi\u00f3n de Jornada Completa comenz\u00f3 a implementarse en las escuelas primarias mendocinas alcanzando a 202 establecimientos y llegando a todos los estudiantes de primero a s\u00e9ptimo grado de esas instituciones desde este ciclo lectivo 2023.<\/p>\n<p>De esta manera, no solo cuentan con m\u00e1s horas de clases los estudiantes con trayectorias d\u00e9biles de todas las escuelas de Mendoza, sino el total de la matr\u00edcula de estos 202 establecimientos, garantizando la ampliaci\u00f3n del tiempo escolar con calidad educativa.<\/p>\n<p>Recordemos que en septiembre de 2022 hab\u00eda 162 establecimientos escolares bajo el Programa de Jornada Completa, sumando 11 instituciones m\u00e1s en el inicio del ciclo lectivo 2023 y a partir de ahora 29 m\u00e1s, que arrancar\u00e1n con la firma del acta complementaria con el Ministerio de Educaci\u00f3n de la Naci\u00f3n.<\/p>\n<p>Cabe destacar que el gobierno escolar estableci\u00f3, por medio de la Resoluci\u00f3n 3466, que es de car\u00e1cter obligatorio, asistir a la ampliaci\u00f3n horaria de siete horas y es para todos los ni\u00f1os y ni\u00f1as de primero a s\u00e9ptimo grado.<\/p>\n<p>Las escuelas se fueron postulando y han hecho adecuaciones junto a su comunidad para poder cumplir con los requisitos. Tambi\u00e9n los supervisores acompa\u00f1aron a cada instituci\u00f3n para implementar este programa que adem\u00e1s tiende a fortalecer la asistencia y mejorar las trayectorias escolares.<\/p>\n<p>La jornada completa establece cambios en las rutinas escolares que ser\u00e1n acompa\u00f1adas por los docentes que reciben capacitaci\u00f3n sobre la implementaci\u00f3n.<\/p>\n<p>Poniendo en funcionamiento este programa, Mendoza cumple con la Ley de Educaci\u00f3n Nacional 26206, que promueve la ampliaci\u00f3n progresiva del tiempo escolar para todos los ni\u00f1os y ni\u00f1as.<\/p>\n<p>Asimismo, la Provincia, desde hace algunos a\u00f1os, viene desarrollando el Programa de Fortalecimiento de Trayectorias con Extensi\u00f3n de la Jornada Escolar. El fin es brindar un servicio educativo con m\u00e1s horas que acompa\u00f1e a aquellos estudiantes que tengan trayectorias m\u00e1s d\u00e9biles en todas las escuelas primarias de Mendoza. As\u00ed se ampl\u00eda la cantidad de instituciones escolares con m\u00e1s horas de clases y se garantiza el derecho a la educaci\u00f3n con calidad.<\/p>\n","protected":false},"excerpt":{"rendered":"<p>La Provincia suma 29 instituciones m\u00e1s que brindar\u00e1n siete horas de clases a todos sus estudiantes en los diferentes grados. La &#8230;<\/p>\n","protected":false},"author":7,"featured_media":120071,"comment_status":"open","ping_status":"open","sticky":false,"template":"","format":"standard","meta":{"footnotes":""},"categories":[5,18],"tags":[],"class_list":["post-120068","post","type-post","status-publish","format-standard","has-post-thumbnail","hentry","category-actualidad","category-educacion"],"_links":{"self":[{"href":"https:\/\/vinasfm.com\/noticias\/wp-json\/wp\/v2\/posts\/120068","targetHints":{"allow":["GET"]}}],"collection":[{"href":"https:\/\/vinasfm.com\/noticias\/wp-json\/wp\/v2\/posts"}],"about":[{"href":"https:\/\/vinasfm.com\/noticias\/wp-json\/wp\/v2\/types\/post"}],"author":[{"embeddable":true,"href":"https:\/\/vinasfm.com\/noticias\/wp-json\/wp\/v2\/users\/7"}],"replies":[{"embeddable":true,"href":"https:\/\/vinasfm.com\/noticias\/wp-json\/wp\/v2\/comments?post=120068"}],"version-history":[{"count":1,"href":"https:\/\/vinasfm.com\/noticias\/wp-json\/wp\/v2\/posts\/120068\/revisions"}],"predecessor-version":[{"id":120074,"href":"https:\/\/vinasfm.com\/noticias\/wp-json\/wp\/v2\/posts\/120068\/revisions\/120074"}],"wp:featuredmedia":[{"embeddable":true,"href":"https:\/\/vinasfm.com\/noticias\/wp-json\/wp\/v2\/media\/120071"}],"wp:attachment":[{"href":"https:\/\/vinasfm.com\/noticias\/wp-json\/wp\/v2\/media?parent=120068"}],"wp:term":[{"taxonomy":"category","embeddable":true,"href":"https:\/\/vinasfm.com\/noticias\/wp-json\/wp\/v2\/categories?post=120068"},{"taxonomy":"post_tag","embeddable":true,"href":"https:\/\/vinasfm.com\/noticias\/wp-json\/wp\/v2\/tags?post=120068"}],"curies":[{"name":"wp","href":"https:\/\/api.w.org\/{rel}","templated":true}]}}