{"id":120032,"date":"2023-03-25T09:51:10","date_gmt":"2023-03-25T12:51:10","guid":{"rendered":"https:\/\/vinasfm.com\/noticias\/?p=120032"},"modified":"2023-03-27T09:11:36","modified_gmt":"2023-03-27T12:11:36","slug":"omar-de-marchi-asistira-al-almuerzo-del-dia-de-campo-en-general-alvear","status":"publish","type":"post","link":"https:\/\/vinasfm.com\/noticias\/omar-de-marchi-asistira-al-almuerzo-del-dia-de-campo-en-general-alvear\/","title":{"rendered":"OMAR DE MARCHI ASISTI\u00d3 AL ALMUERZO DEL D\u00cdA DE CAMPO EN GENERAL ALVEAR"},"content":{"rendered":"<p><strong>El diputado nacional del PRO y principal referente del partido en la provincia, dar\u00e1 el presente en el tradicional almuerzo de lanzamiento de la Fiesta Nacional de la Ganader\u00eda.<\/strong><\/p>\n<p>Durante este s\u00e1bado 25 de Marzo, dirigentes del PRO se dar\u00e1n cita en el Establecimiento <strong>\u00abLas Cachorras\u00bb<\/strong>, a partir de las 11:15, donde se realizar\u00e1 el lanzamiento de la <strong>\u00abFiesta Nacional de la Ganader\u00eda de Zonas \u00c1ridas\u00bb<\/strong> que se desarrollar\u00e1 entre el 3 y 7 de Mayo pr\u00f3ximo.<\/p>\n<p>Junto a <strong>Omar De Marchi, estar\u00e1n \u00c1lvaro Mart\u00ednez, Diputado Nacional y Presidente del PRO en Mendoza; los Senadores provinciales Rolando Baldasso, Germ\u00e1n Vicchi y Valent\u00edn Gonz\u00e1lez y los diputados provinciales Laura Balsells-Mir\u00f3 y Gabriel Vilche.<\/strong><\/p>\n","protected":false},"excerpt":{"rendered":"<p>El diputado nacional del PRO y principal referente del partido en la provincia, dar\u00e1 el presente en el tradicional almuerzo de &#8230;<\/p>\n","protected":false},"author":7,"featured_media":85090,"comment_status":"open","ping_status":"open","sticky":false,"template":"","format":"standard","meta":{"footnotes":""},"categories":[5,19],"tags":[],"class_list":["post-120032","post","type-post","status-publish","format-standard","has-post-thumbnail","hentry","category-actualidad","category-cultura"],"_links":{"self":[{"href":"https:\/\/vinasfm.com\/noticias\/wp-json\/wp\/v2\/posts\/120032","targetHints":{"allow":["GET"]}}],"collection":[{"href":"https:\/\/vinasfm.com\/noticias\/wp-json\/wp\/v2\/posts"}],"about":[{"href":"https:\/\/vinasfm.com\/noticias\/wp-json\/wp\/v2\/types\/post"}],"author":[{"embeddable":true,"href":"https:\/\/vinasfm.com\/noticias\/wp-json\/wp\/v2\/users\/7"}],"replies":[{"embeddable":true,"href":"https:\/\/vinasfm.com\/noticias\/wp-json\/wp\/v2\/comments?post=120032"}],"version-history":[{"count":3,"href":"https:\/\/vinasfm.com\/noticias\/wp-json\/wp\/v2\/posts\/120032\/revisions"}],"predecessor-version":[{"id":120073,"href":"https:\/\/vinasfm.com\/noticias\/wp-json\/wp\/v2\/posts\/120032\/revisions\/120073"}],"wp:featuredmedia":[{"embeddable":true,"href":"https:\/\/vinasfm.com\/noticias\/wp-json\/wp\/v2\/media\/85090"}],"wp:attachment":[{"href":"https:\/\/vinasfm.com\/noticias\/wp-json\/wp\/v2\/media?parent=120032"}],"wp:term":[{"taxonomy":"category","embeddable":true,"href":"https:\/\/vinasfm.com\/noticias\/wp-json\/wp\/v2\/categories?post=120032"},{"taxonomy":"post_tag","embeddable":true,"href":"https:\/\/vinasfm.com\/noticias\/wp-json\/wp\/v2\/tags?post=120032"}],"curies":[{"name":"wp","href":"https:\/\/api.w.org\/{rel}","templated":true}]}}