{"id":120024,"date":"2023-03-25T09:44:20","date_gmt":"2023-03-25T12:44:20","guid":{"rendered":"https:\/\/vinasfm.com\/noticias\/?p=120024"},"modified":"2023-03-27T08:30:26","modified_gmt":"2023-03-27T11:30:26","slug":"tenes-planes-para-este-fin-de-semana-agenda-cultural","status":"publish","type":"post","link":"https:\/\/vinasfm.com\/noticias\/tenes-planes-para-este-fin-de-semana-agenda-cultural\/","title":{"rendered":"\u00bfTEN\u00c9S PLANES PARA ESTE FIN DE SEMANA? AGENDA CULTURAL"},"content":{"rendered":"<p>Fin de semana largo en todo el pa\u00eds y General Alvear tiene distintas propuestas para vos.<\/p>\n<h2>\u00bfLo tuyo es la naturaleza?<\/h2>\n<ul>\n<li><strong>Costanera Alvear:<\/strong>\u00a0abierto de jueves a domingo, de 14:30 a 20:30h<\/li>\n<li><strong>Reserva municipal El Trapal:<\/strong> todos los d\u00edas de 10 a 19h<\/li>\n<\/ul>\n<h2>O tal vez te gusta disfrutar del arte<\/h2>\n<ul>\n<li><strong>Multiespacio cultural Bodega Fara\u00f3n: s<\/strong>\u00e1bados, domingos y feriados de 10 a 17h<\/li>\n<li><strong>Museo municipal del Inmigrante:<\/strong> s\u00e1bados, domingos y feriados de 9 a 12hs y de 16 a 19h<\/li>\n<li><strong>Museo de Ciencias Naturales Rafael Reinoso:<\/strong> s\u00e1bados, domingos y feriados 14:30 a 18:30h<\/li>\n<\/ul>\n<h2>O quiz\u00e1s quer\u00e9s pasar el d\u00eda viendo pel\u00edculas<\/h2>\n<p><strong>Cartelera del Cine Teatro Antonio Lafalla:<\/strong> jueves a domingo<\/p>\n<ul>\n<li>17:30h Shazam 2 2D<\/li>\n<li>20:30h John Wick 4<\/li>\n<\/ul>\n<p><a href=\"http:\/\/vinasfm.com\/noticias\/wp-content\/uploads\/2023\/03\/1679747511024.jpg\"><img loading=\"lazy\" decoding=\"async\" class=\" wp-image-120027 aligncenter\" src=\"http:\/\/vinasfm.com\/noticias\/wp-content\/uploads\/2023\/03\/1679747511024.jpg\" alt=\"\" width=\"597\" height=\"663\" srcset=\"https:\/\/vinasfm.com\/noticias\/wp-content\/uploads\/2023\/03\/1679747511024.jpg 720w, https:\/\/vinasfm.com\/noticias\/wp-content\/uploads\/2023\/03\/1679747511024-270x300.jpg 270w\" sizes=\"auto, (max-width: 597px) 100vw, 597px\" \/><\/a><\/p>\n<p>Venta de entradas en boleter\u00eda y Web: <a href=\"https:\/\/cineteatrolafalla.alvearmendoza.gob.ar\/\">https:\/\/cineteatrolafalla.alvearmendoza.gob.ar\/<\/a><\/p>\n<p>&nbsp;<\/p>\n","protected":false},"excerpt":{"rendered":"<p>Fin de semana largo en todo el pa\u00eds y General Alvear tiene distintas propuestas para vos. \u00bfLo tuyo es la naturaleza? &#8230;<\/p>\n","protected":false},"author":7,"featured_media":116136,"comment_status":"open","ping_status":"open","sticky":false,"template":"","format":"standard","meta":{"footnotes":""},"categories":[1],"tags":[],"class_list":["post-120024","post","type-post","status-publish","format-standard","has-post-thumbnail","hentry","category-fmvinas"],"_links":{"self":[{"href":"https:\/\/vinasfm.com\/noticias\/wp-json\/wp\/v2\/posts\/120024","targetHints":{"allow":["GET"]}}],"collection":[{"href":"https:\/\/vinasfm.com\/noticias\/wp-json\/wp\/v2\/posts"}],"about":[{"href":"https:\/\/vinasfm.com\/noticias\/wp-json\/wp\/v2\/types\/post"}],"author":[{"embeddable":true,"href":"https:\/\/vinasfm.com\/noticias\/wp-json\/wp\/v2\/users\/7"}],"replies":[{"embeddable":true,"href":"https:\/\/vinasfm.com\/noticias\/wp-json\/wp\/v2\/comments?post=120024"}],"version-history":[{"count":1,"href":"https:\/\/vinasfm.com\/noticias\/wp-json\/wp\/v2\/posts\/120024\/revisions"}],"predecessor-version":[{"id":120029,"href":"https:\/\/vinasfm.com\/noticias\/wp-json\/wp\/v2\/posts\/120024\/revisions\/120029"}],"wp:featuredmedia":[{"embeddable":true,"href":"https:\/\/vinasfm.com\/noticias\/wp-json\/wp\/v2\/media\/116136"}],"wp:attachment":[{"href":"https:\/\/vinasfm.com\/noticias\/wp-json\/wp\/v2\/media?parent=120024"}],"wp:term":[{"taxonomy":"category","embeddable":true,"href":"https:\/\/vinasfm.com\/noticias\/wp-json\/wp\/v2\/categories?post=120024"},{"taxonomy":"post_tag","embeddable":true,"href":"https:\/\/vinasfm.com\/noticias\/wp-json\/wp\/v2\/tags?post=120024"}],"curies":[{"name":"wp","href":"https:\/\/api.w.org\/{rel}","templated":true}]}}