{"id":119962,"date":"2023-03-23T08:59:51","date_gmt":"2023-03-23T11:59:51","guid":{"rendered":"https:\/\/vinasfm.com\/noticias\/?p=119962"},"modified":"2023-03-24T09:01:51","modified_gmt":"2023-03-24T12:01:51","slug":"hospital-schestakow-un-hombre-cayo-al-vacio-y-murio","status":"publish","type":"post","link":"https:\/\/vinasfm.com\/noticias\/hospital-schestakow-un-hombre-cayo-al-vacio-y-murio\/","title":{"rendered":"HOSPITAL SCHESTAKOW: UN HOMBRE CAY\u00d3 AL VACI\u00d3 Y MURI\u00d3"},"content":{"rendered":"<h4>Un hombre identificado como Nahuel Sebasti\u00e1n Barrios, oriundo de General Alvear, muri\u00f3 esta tarde tras caer del quinto piso del hospital Teodoro J. Schestakow. El impactante suceso se produjo cerca de las 17 y gener\u00f3 el estupor de las autoridades y de todos quienes se encontraban en el efector sanitario en ese momento<\/h4>\n<p>Las primeras informaciones daban cuenta que Barrios no se encontraba internado en el hospital y, por ello, ahora se investiga c\u00f3mo lleg\u00f3 hasta ese lugar.<\/p>\n<div class=\"elementor-element elementor-element-c0e6b48 elementor-widget elementor-widget-theme-post-content\" data-id=\"c0e6b48\" data-element_type=\"widget\" data-widget_type=\"theme-post-content.default\">\n<div class=\"elementor-widget-container\">\n<p>Si bien las causas de la ca\u00edda de Barrio ser\u00e1n determinadas con la investigaci\u00f3n que se puso en marcha una vez ocurrido el hecho, todo apuntar\u00eda a que se trat\u00f3 de un suicidio. El personal policial que arrib\u00f3 al lugar minutos despu\u00e9s de la ca\u00edda comprob\u00f3 la existencia de elementos pertenecientes a la v\u00edctima cerca de la ventana desde donde habr\u00eda saltado al vac\u00edo y, adem\u00e1s, su madre confirm\u00f3 que el hombre presentaba patolog\u00edas psiqui\u00e1tricas.<\/p>\n<\/div>\n<\/div>\n<section class=\"elementor-section elementor-inner-section elementor-element elementor-element-cb7145b elementor-section-boxed elementor-section-height-default elementor-section-height-default\" data-id=\"cb7145b\" data-element_type=\"section\">\n<div class=\"elementor-container elementor-column-gap-default\">\n<div class=\"elementor-column elementor-col-100 elementor-inner-column elementor-element elementor-element-44690bb\" data-id=\"44690bb\" data-element_type=\"column\">\n<div class=\"elementor-widget-wrap elementor-element-populated\">\n<div class=\"elementor-element elementor-element-cee7882 elementor-widget__width-auto elementor-widget elementor-widget-shortcode\" data-id=\"cee7882\" data-element_type=\"widget\" data-widget_type=\"shortcode.default\">\n<div class=\"elementor-widget-container\"><\/div>\n<\/div>\n<\/div>\n<\/div>\n<\/div>\n<\/section>\n","protected":false},"excerpt":{"rendered":"<p>Un hombre identificado como Nahuel Sebasti\u00e1n Barrios, oriundo de General Alvear, muri\u00f3 esta tarde tras caer del quinto piso del hospital &#8230;<\/p>\n","protected":false},"author":7,"featured_media":119963,"comment_status":"open","ping_status":"open","sticky":false,"template":"","format":"standard","meta":{"footnotes":""},"categories":[5,10],"tags":[],"class_list":["post-119962","post","type-post","status-publish","format-standard","has-post-thumbnail","hentry","category-actualidad","category-destacadas"],"_links":{"self":[{"href":"https:\/\/vinasfm.com\/noticias\/wp-json\/wp\/v2\/posts\/119962","targetHints":{"allow":["GET"]}}],"collection":[{"href":"https:\/\/vinasfm.com\/noticias\/wp-json\/wp\/v2\/posts"}],"about":[{"href":"https:\/\/vinasfm.com\/noticias\/wp-json\/wp\/v2\/types\/post"}],"author":[{"embeddable":true,"href":"https:\/\/vinasfm.com\/noticias\/wp-json\/wp\/v2\/users\/7"}],"replies":[{"embeddable":true,"href":"https:\/\/vinasfm.com\/noticias\/wp-json\/wp\/v2\/comments?post=119962"}],"version-history":[{"count":1,"href":"https:\/\/vinasfm.com\/noticias\/wp-json\/wp\/v2\/posts\/119962\/revisions"}],"predecessor-version":[{"id":119964,"href":"https:\/\/vinasfm.com\/noticias\/wp-json\/wp\/v2\/posts\/119962\/revisions\/119964"}],"wp:featuredmedia":[{"embeddable":true,"href":"https:\/\/vinasfm.com\/noticias\/wp-json\/wp\/v2\/media\/119963"}],"wp:attachment":[{"href":"https:\/\/vinasfm.com\/noticias\/wp-json\/wp\/v2\/media?parent=119962"}],"wp:term":[{"taxonomy":"category","embeddable":true,"href":"https:\/\/vinasfm.com\/noticias\/wp-json\/wp\/v2\/categories?post=119962"},{"taxonomy":"post_tag","embeddable":true,"href":"https:\/\/vinasfm.com\/noticias\/wp-json\/wp\/v2\/tags?post=119962"}],"curies":[{"name":"wp","href":"https:\/\/api.w.org\/{rel}","templated":true}]}}