{"id":119959,"date":"2023-03-23T07:18:59","date_gmt":"2023-03-23T10:18:59","guid":{"rendered":"https:\/\/vinasfm.com\/noticias\/?p=119959"},"modified":"2023-03-24T09:11:51","modified_gmt":"2023-03-24T12:11:51","slug":"22-de-marzo-dia-mundial-del-agua","status":"publish","type":"post","link":"https:\/\/vinasfm.com\/noticias\/22-de-marzo-dia-mundial-del-agua\/","title":{"rendered":"SE REALIZ\u00d3 UNA IMPORTANTE ACTIVIDAD POR EL D\u00cdA MUNDIAL DEL AGUA"},"content":{"rendered":"<p><strong>En el marco del D\u00eda Mundial del Agua, Alumnos del Colegio San Mart\u00edn participaron, junto a la Asesor\u00eda de ni\u00f1ez, adolescencia y juventud y la Direcci\u00f3n de Gesti\u00f3n Ambiental, de la limpieza de los m\u00e1rgenes del r\u00edo.<\/strong><\/p>\n<p class=\"paragraph\">El\u00a0D\u00eda Mundial del Agua\u00a0fue proclamado por la\u00a0ONU\u00a0en 1992. Ese a\u00f1o se celebr\u00f3 en R\u00edo de Janeiro la\u00a0<em>Conferencia de las Naciones Unidas sobre el Medio Ambiente y el Desarrollo.<\/em> De all\u00ed surgi\u00f3 la propuesta, siendo 1993 el primer a\u00f1o de celebraci\u00f3n.<\/p>\n<p class=\"paragraph\">El lema de este a\u00f1o es <strong>\u00abS\u00e9 el cambio que quieres ver en el mundo\u00bb<\/strong>, y busca incentivar a las personas para movilizarse y disminuir la crisis h\u00eddrica y los impactos de la contaminaci\u00f3n del agua dulce.<\/p>\n<p><a href=\"http:\/\/vinasfm.com\/noticias\/wp-content\/uploads\/2023\/03\/22GJK3WBVRAFVCPDBBIDPBQ4RE.png\"><img loading=\"lazy\" decoding=\"async\" class=\"wp-image-119966 aligncenter\" src=\"http:\/\/vinasfm.com\/noticias\/wp-content\/uploads\/2023\/03\/22GJK3WBVRAFVCPDBBIDPBQ4RE.png\" alt=\"\" width=\"600\" height=\"848\" srcset=\"https:\/\/vinasfm.com\/noticias\/wp-content\/uploads\/2023\/03\/22GJK3WBVRAFVCPDBBIDPBQ4RE.png 800w, https:\/\/vinasfm.com\/noticias\/wp-content\/uploads\/2023\/03\/22GJK3WBVRAFVCPDBBIDPBQ4RE-212x300.png 212w, https:\/\/vinasfm.com\/noticias\/wp-content\/uploads\/2023\/03\/22GJK3WBVRAFVCPDBBIDPBQ4RE-724x1024.png 724w, https:\/\/vinasfm.com\/noticias\/wp-content\/uploads\/2023\/03\/22GJK3WBVRAFVCPDBBIDPBQ4RE-768x1086.png 768w\" sizes=\"auto, (max-width: 600px) 100vw, 600px\" \/><\/a><\/p>\n<p>El d\u00eda de ayer, en el marco del \u00abD\u00eda Mundial del Agua\u00bb se realiz\u00f3 una actividad que involucr\u00f3 a los alumnos del Colegio San Mart\u00edn. <em><strong>&#8216;Hemos realizado una actividad en cayac que consiste en navegar por el R\u00edo Atuel y recolectar los residuos que la sociedad deja&#8217;<\/strong><\/em> explic\u00f3 Denis Rabanal, Director de Gesti\u00f3n Ambiental, y destac\u00f3 que la actividad inici\u00f3 en el puente del r\u00edo, en Ruta Provincial 202, porque es un lugar muy simb\u00f3lico para el departamento.<\/p>\n<p><em><strong>&#8216;Esto se realiza con la necesidad de poder articular distintas \u00e1reas del municipio con objetivos claros. Decidimos tomar cartas en el asunto, teniendo en cuenta el tema de este a\u00f1o; por eso esta actividad se realiza con los chicos del Colegio San Mart\u00edn ya que tienen un compromiso en donde trabajan con un proyecto medioambiental durante todo el a\u00f1o&#8217;<\/strong><\/em>, concluy\u00f3 el Asesor de Ni\u00f1ez, Adolescencia y Juventud, Daniel Quiles.<\/p>\n<p>&nbsp;<\/p>\n","protected":false},"excerpt":{"rendered":"<p>En el marco del D\u00eda Mundial del Agua, Alumnos del Colegio San Mart\u00edn participaron, junto a la Asesor\u00eda de ni\u00f1ez, adolescencia &#8230;<\/p>\n","protected":false},"author":7,"featured_media":119965,"comment_status":"open","ping_status":"open","sticky":false,"template":"","format":"standard","meta":{"footnotes":""},"categories":[5,18],"tags":[],"class_list":["post-119959","post","type-post","status-publish","format-standard","has-post-thumbnail","hentry","category-actualidad","category-educacion"],"_links":{"self":[{"href":"https:\/\/vinasfm.com\/noticias\/wp-json\/wp\/v2\/posts\/119959","targetHints":{"allow":["GET"]}}],"collection":[{"href":"https:\/\/vinasfm.com\/noticias\/wp-json\/wp\/v2\/posts"}],"about":[{"href":"https:\/\/vinasfm.com\/noticias\/wp-json\/wp\/v2\/types\/post"}],"author":[{"embeddable":true,"href":"https:\/\/vinasfm.com\/noticias\/wp-json\/wp\/v2\/users\/7"}],"replies":[{"embeddable":true,"href":"https:\/\/vinasfm.com\/noticias\/wp-json\/wp\/v2\/comments?post=119959"}],"version-history":[{"count":2,"href":"https:\/\/vinasfm.com\/noticias\/wp-json\/wp\/v2\/posts\/119959\/revisions"}],"predecessor-version":[{"id":119970,"href":"https:\/\/vinasfm.com\/noticias\/wp-json\/wp\/v2\/posts\/119959\/revisions\/119970"}],"wp:featuredmedia":[{"embeddable":true,"href":"https:\/\/vinasfm.com\/noticias\/wp-json\/wp\/v2\/media\/119965"}],"wp:attachment":[{"href":"https:\/\/vinasfm.com\/noticias\/wp-json\/wp\/v2\/media?parent=119959"}],"wp:term":[{"taxonomy":"category","embeddable":true,"href":"https:\/\/vinasfm.com\/noticias\/wp-json\/wp\/v2\/categories?post=119959"},{"taxonomy":"post_tag","embeddable":true,"href":"https:\/\/vinasfm.com\/noticias\/wp-json\/wp\/v2\/tags?post=119959"}],"curies":[{"name":"wp","href":"https:\/\/api.w.org\/{rel}","templated":true}]}}