{"id":119912,"date":"2023-03-21T06:20:41","date_gmt":"2023-03-21T09:20:41","guid":{"rendered":"https:\/\/vinasfm.com\/noticias\/?p=119912"},"modified":"2023-03-23T08:59:53","modified_gmt":"2023-03-23T11:59:53","slug":"21-de-marzo-dia-mundial-del-sindrome-de-down","status":"publish","type":"post","link":"https:\/\/vinasfm.com\/noticias\/21-de-marzo-dia-mundial-del-sindrome-de-down\/","title":{"rendered":"21 DE MARZO, D\u00cdA MUNDIAL DEL S\u00cdNDROME DE DOWN"},"content":{"rendered":"<p><strong>En diciembre de 2011, la Asamblea General design\u00f3 el 21 de marzo\u00a0D\u00eda Mundial del S\u00edndrome de Down.\u00a0Con esta celebraci\u00f3n, la ONU quiere generar una mayor conciencia p\u00fablica sobre la cuesti\u00f3n y recordar la dignidad inherente, la val\u00eda y las valiosas contribuciones de las personas con discapacidad intelectual como promotores del bienestar y de la diversidad de sus comunidades.<\/strong><\/p>\n<p><em><strong>&#8216;Con este d\u00eda buscamos generar conciencia en la libertad de la toma de decisiones, la autonom\u00eda y la independencia de las personas con S\u00edndrome de Down. Buscamos ser promotores del bienestar y una verdadera conciencia social&#8217;<\/strong><\/em>, expres\u00f3 Tania Rocasalvo, Asesora de Discapacidad. Con respecto a los avances en materia de inclusi\u00f3n afirm\u00f3 que <em><strong>&#8216;este a\u00f1o se logr\u00f3 que la colonia de vacaciones sea una sola, trabajando en la integraci\u00f3n y el acompa\u00f1amiento, sumando todas las discapacidades&#8217;.<\/strong><\/em><\/p>\n<p>Adem\u00e1s, Rocasalvo anunci\u00f3 que se vendr\u00e1n cambios en el Certificado \u00danico de Discapacidad (C.U.D)<strong><em> &#8216;A partir del 15 de marzo se implementaron modificaciones en el proceso de certificaci\u00f3n, ya no se vencen sino que se emitir\u00e1n con una fecha de actualizaci\u00f3n de datos. Hay que tener en cuenta que los certificados que han vencido en 202\/21\u00a0 tendr\u00e1n que ser renovados como la primera vez, y los que se vencieron en 2022\/23 acceder\u00e1n a la actualizaci\u00f3n de datos&#8217;<\/em> <\/strong>explic\u00f3.<\/p>\n<h2>La actualizaci\u00f3n se realizar\u00e1 en 3 etapas<\/h2>\n<ul>\n<li>El primer sistema de alerta se realizar\u00e1 6 meses antes de la actualizaci\u00f3n de datos.<\/li>\n<li>La segunda alerta ser\u00e1 90 d\u00edas a la actualizaci\u00f3n de datos.<\/li>\n<li>La \u00faltima alerta ser\u00e1 60 d\u00edas posteriores a la segunda alerta.<\/li>\n<\/ul>\n<p><strong>Es de destacar que los certificados m\u00e9dicos presentados, a partir del 15 de marzo, para ser evaluados por la junta tendr\u00e1n una validez de un a\u00f1o.\u00a0<\/strong><\/p>\n<p>Para acceder a cualquier informaci\u00f3n requerida podr\u00e1n acercarse a la Asesor\u00eda de Personas con Discapacidad, en Zeballos 1200.<\/p>\n<p>&nbsp;<\/p>\n<p>&nbsp;<\/p>\n","protected":false},"excerpt":{"rendered":"<p>En diciembre de 2011, la Asamblea General design\u00f3 el 21 de marzo\u00a0D\u00eda Mundial del S\u00edndrome de Down.\u00a0Con esta celebraci\u00f3n, la ONU &#8230;<\/p>\n","protected":false},"author":7,"featured_media":119918,"comment_status":"open","ping_status":"open","sticky":false,"template":"","format":"standard","meta":{"footnotes":""},"categories":[5,10],"tags":[],"class_list":["post-119912","post","type-post","status-publish","format-standard","has-post-thumbnail","hentry","category-actualidad","category-destacadas"],"_links":{"self":[{"href":"https:\/\/vinasfm.com\/noticias\/wp-json\/wp\/v2\/posts\/119912","targetHints":{"allow":["GET"]}}],"collection":[{"href":"https:\/\/vinasfm.com\/noticias\/wp-json\/wp\/v2\/posts"}],"about":[{"href":"https:\/\/vinasfm.com\/noticias\/wp-json\/wp\/v2\/types\/post"}],"author":[{"embeddable":true,"href":"https:\/\/vinasfm.com\/noticias\/wp-json\/wp\/v2\/users\/7"}],"replies":[{"embeddable":true,"href":"https:\/\/vinasfm.com\/noticias\/wp-json\/wp\/v2\/comments?post=119912"}],"version-history":[{"count":2,"href":"https:\/\/vinasfm.com\/noticias\/wp-json\/wp\/v2\/posts\/119912\/revisions"}],"predecessor-version":[{"id":119919,"href":"https:\/\/vinasfm.com\/noticias\/wp-json\/wp\/v2\/posts\/119912\/revisions\/119919"}],"wp:featuredmedia":[{"embeddable":true,"href":"https:\/\/vinasfm.com\/noticias\/wp-json\/wp\/v2\/media\/119918"}],"wp:attachment":[{"href":"https:\/\/vinasfm.com\/noticias\/wp-json\/wp\/v2\/media?parent=119912"}],"wp:term":[{"taxonomy":"category","embeddable":true,"href":"https:\/\/vinasfm.com\/noticias\/wp-json\/wp\/v2\/categories?post=119912"},{"taxonomy":"post_tag","embeddable":true,"href":"https:\/\/vinasfm.com\/noticias\/wp-json\/wp\/v2\/tags?post=119912"}],"curies":[{"name":"wp","href":"https:\/\/api.w.org\/{rel}","templated":true}]}}