{"id":119897,"date":"2023-03-21T09:40:49","date_gmt":"2023-03-21T12:40:49","guid":{"rendered":"https:\/\/vinasfm.com\/noticias\/?p=119897"},"modified":"2023-03-23T08:16:41","modified_gmt":"2023-03-23T11:16:41","slug":"gustavo-majstrruk-estoy-bien-pero-tengo-que-priorizar-a-mi-familia","status":"publish","type":"post","link":"https:\/\/vinasfm.com\/noticias\/gustavo-majstrruk-estoy-bien-pero-tengo-que-priorizar-a-mi-familia\/","title":{"rendered":"GUSTAVO MAJSTRRUK: &#8216;ESTOY BIEN PERO TENGO QUE PRIORIZAR A MI FAMILIA&#8217;"},"content":{"rendered":"<p><strong>Tras pasar por una dura situaci\u00f3n con respecto a su estado de salud, el ex Diputado Gustavo Majstruk habl\u00f3 sobre su estado actual y sus decisiones pol\u00edticas.\u00a0<\/strong><\/p>\n<p><strong><em>&#8216;Como lo he dicho en otros lados, creo que fue un milagro. Afortunadamente no tengo ninguna recomendaci\u00f3n ni limitaci\u00f3n m\u00e1s que retomar de a poco mis actividades&#8217;<\/em><\/strong> expres\u00f3 Majstruk y destac\u00f3 <strong><em>&#8216;tuve una muy buena atenci\u00f3n medica, desde el Centro de Salud de Bowen hasta en San Rafael&#8217;.<\/em><\/strong><\/p>\n<p>Pese a afrontar la complicada situaci\u00f3n, Majstruk tom\u00f3 importantes decisiones en relaci\u00f3n a su carrera pol\u00edtica y es que hace algunas semanas se conoci\u00f3, por medio de un video que poste\u00f3 \u00e9l mismo en sus redes sociales, que no ser\u00e1 candidato en las elecciones de este a\u00f1o. <em><b>&#8216;Me hab\u00eda tomado unos d\u00edas para reacomodar muchas ideas pero ante una situaci\u00f3n as\u00ed me replantee muchas cosas. Estoy bien, pero no es el momento oportuno para encarar una candidatura, tuve que priorizar a mi familia&#8217; <\/b><\/em>explic\u00f3 y subray\u00f3 que <em><b>&#8216;no fue una decisi\u00f3n para nada f\u00e1cil&#8217; .<\/b><\/em><\/p>\n<p>Pese a su decisi\u00f3n firmemente tomada, Gustavo sostiene que no se ha separado de su grupo pol\u00edtico. <strong><em>&#8216;Venimos trabajando desde la orientaci\u00f3n y buscamos volcarle nuestra experiencia a quienes tienen aspiraciones&#8217;. &#8216;Los frentes tienen un trabajo complejo al momento de decidir sus candidatos, muchas veces las ideas se arman bien al principio, pero se rompen al momento de tomar los cargos&#8217;.<\/em><\/strong><\/p>\n<p>En cuanto a la aprobaci\u00f3n de Impacto Ambiental de la exploraci\u00f3n Cerro Amarillo expres\u00f3 <strong><em>&#8216;es una zona muy sensible y por lo que he le\u00eddo el problema corre por ese lado. De buenas a primeras lo cuestiono y sostengo que no se deber\u00eda avanzar tan r\u00e1pido porque es un proyecto que viene desde hace muchos a\u00f1os entonces se deber\u00edan hacer nuevos estudios&#8217;.\u00a0\u00a0<\/em><\/strong><\/p>\n<p>&nbsp;<\/p>\n<p>&nbsp;<\/p>\n","protected":false},"excerpt":{"rendered":"<p>Tras pasar por una dura situaci\u00f3n con respecto a su estado de salud, el ex Diputado Gustavo Majstruk habl\u00f3 sobre su &#8230;<\/p>\n","protected":false},"author":7,"featured_media":5538,"comment_status":"open","ping_status":"open","sticky":false,"template":"","format":"standard","meta":{"footnotes":""},"categories":[5,10],"tags":[],"class_list":["post-119897","post","type-post","status-publish","format-standard","has-post-thumbnail","hentry","category-actualidad","category-destacadas"],"_links":{"self":[{"href":"https:\/\/vinasfm.com\/noticias\/wp-json\/wp\/v2\/posts\/119897","targetHints":{"allow":["GET"]}}],"collection":[{"href":"https:\/\/vinasfm.com\/noticias\/wp-json\/wp\/v2\/posts"}],"about":[{"href":"https:\/\/vinasfm.com\/noticias\/wp-json\/wp\/v2\/types\/post"}],"author":[{"embeddable":true,"href":"https:\/\/vinasfm.com\/noticias\/wp-json\/wp\/v2\/users\/7"}],"replies":[{"embeddable":true,"href":"https:\/\/vinasfm.com\/noticias\/wp-json\/wp\/v2\/comments?post=119897"}],"version-history":[{"count":2,"href":"https:\/\/vinasfm.com\/noticias\/wp-json\/wp\/v2\/posts\/119897\/revisions"}],"predecessor-version":[{"id":119900,"href":"https:\/\/vinasfm.com\/noticias\/wp-json\/wp\/v2\/posts\/119897\/revisions\/119900"}],"wp:featuredmedia":[{"embeddable":true,"href":"https:\/\/vinasfm.com\/noticias\/wp-json\/wp\/v2\/media\/5538"}],"wp:attachment":[{"href":"https:\/\/vinasfm.com\/noticias\/wp-json\/wp\/v2\/media?parent=119897"}],"wp:term":[{"taxonomy":"category","embeddable":true,"href":"https:\/\/vinasfm.com\/noticias\/wp-json\/wp\/v2\/categories?post=119897"},{"taxonomy":"post_tag","embeddable":true,"href":"https:\/\/vinasfm.com\/noticias\/wp-json\/wp\/v2\/tags?post=119897"}],"curies":[{"name":"wp","href":"https:\/\/api.w.org\/{rel}","templated":true}]}}