{"id":119889,"date":"2023-03-20T18:08:38","date_gmt":"2023-03-20T21:08:38","guid":{"rendered":"https:\/\/vinasfm.com\/noticias\/?p=119889"},"modified":"2023-03-21T11:23:13","modified_gmt":"2023-03-21T14:23:13","slug":"20-de-marzo-dia-de-la-prevencion-sismica","status":"publish","type":"post","link":"https:\/\/vinasfm.com\/noticias\/20-de-marzo-dia-de-la-prevencion-sismica\/","title":{"rendered":"20 DE MARZO, D\u00cdA DE LA PREVENCI\u00d3N SISMICA"},"content":{"rendered":"<p><strong>La efem\u00e9ride fue establecida por la Provincia como recuerdo de la cat\u00e1strofe que destruy\u00f3 la capital y caus\u00f3 la muerte de alrededor de 5.000 personas.<\/strong><\/p>\n<p>Durante el a\u00f1o se realizan distintas capacitaciones con diferentes establecimientos escolares, sumando el acompa\u00f1amiento de Defensa Civil de Mendoza.<strong> &#8216;Nuestro foco son los ni\u00f1os porque sabemos que son quienes llevan la informaci\u00f3n a las casas, seguir trabajando con las escuelas es de suma importancia&#8217;<\/strong> explic\u00f3 Adolfo Valverde, Director de Defensa Civil.<\/p>\n<p><strong><em>&#8216;En cada establecimiento vamos a acompa\u00f1ar cada vez que se realiza un simulacro de sismo, son 8 en el a\u00f1o de los cuales 3 son acompa\u00f1ados por la Direcci\u00f3n de Defensa Civil. Asistimos para acompa\u00f1ar y remarcar las cosas que est\u00e1n bien, estamos para ser el apoyo de los docentes&#8217;<\/em><\/strong>, desarroll\u00f3 Valverde.<\/p>\n<p><a href=\"https:\/\/vinasfm.com\/noticias\/wp-content\/uploads\/2023\/03\/prevencion-sismica_900_1300.jpg\"><img loading=\"lazy\" decoding=\"async\" class=\"wp-image-119893 aligncenter\" src=\"https:\/\/vinasfm.com\/noticias\/wp-content\/uploads\/2023\/03\/prevencion-sismica_900_1300.jpg\" alt=\"\" width=\"599\" height=\"593\" srcset=\"https:\/\/vinasfm.com\/noticias\/wp-content\/uploads\/2023\/03\/prevencion-sismica_900_1300.jpg 910w, https:\/\/vinasfm.com\/noticias\/wp-content\/uploads\/2023\/03\/prevencion-sismica_900_1300-300x297.jpg 300w, https:\/\/vinasfm.com\/noticias\/wp-content\/uploads\/2023\/03\/prevencion-sismica_900_1300-768x760.jpg 768w\" sizes=\"auto, (max-width: 599px) 100vw, 599px\" \/><\/a><\/p>\n<p>Si bien General Alvear se encuentra en un llano, la provincia tiene bastantes complicaciones s\u00edsmicas; sin ir m\u00e1s lejos, el pasado fin de semana se registr\u00f3 un movimiento s\u00edsmico con de 0.5\u00b0 de magnitud.<\/p>\n<p><em><strong>&#8216;Tenemos que estar atentos porque en cualquier momento podemos atravesar una de estas situaciones, por eso ante cualquier inconveniente estamos en contacto con cada funcionario de cada establecimiento&#8217;<\/strong><\/em>, concluy\u00f3 el Director de Defensa Civil, Adolfo Valverde.<\/p>\n","protected":false},"excerpt":{"rendered":"<p>La efem\u00e9ride fue establecida por la Provincia como recuerdo de la cat\u00e1strofe que destruy\u00f3 la capital y caus\u00f3 la muerte de &#8230;<\/p>\n","protected":false},"author":7,"featured_media":119894,"comment_status":"open","ping_status":"open","sticky":false,"template":"","format":"standard","meta":{"footnotes":""},"categories":[5,51],"tags":[],"class_list":["post-119889","post","type-post","status-publish","format-standard","has-post-thumbnail","hentry","category-actualidad","category-defensa-civil"],"_links":{"self":[{"href":"https:\/\/vinasfm.com\/noticias\/wp-json\/wp\/v2\/posts\/119889","targetHints":{"allow":["GET"]}}],"collection":[{"href":"https:\/\/vinasfm.com\/noticias\/wp-json\/wp\/v2\/posts"}],"about":[{"href":"https:\/\/vinasfm.com\/noticias\/wp-json\/wp\/v2\/types\/post"}],"author":[{"embeddable":true,"href":"https:\/\/vinasfm.com\/noticias\/wp-json\/wp\/v2\/users\/7"}],"replies":[{"embeddable":true,"href":"https:\/\/vinasfm.com\/noticias\/wp-json\/wp\/v2\/comments?post=119889"}],"version-history":[{"count":2,"href":"https:\/\/vinasfm.com\/noticias\/wp-json\/wp\/v2\/posts\/119889\/revisions"}],"predecessor-version":[{"id":119895,"href":"https:\/\/vinasfm.com\/noticias\/wp-json\/wp\/v2\/posts\/119889\/revisions\/119895"}],"wp:featuredmedia":[{"embeddable":true,"href":"https:\/\/vinasfm.com\/noticias\/wp-json\/wp\/v2\/media\/119894"}],"wp:attachment":[{"href":"https:\/\/vinasfm.com\/noticias\/wp-json\/wp\/v2\/media?parent=119889"}],"wp:term":[{"taxonomy":"category","embeddable":true,"href":"https:\/\/vinasfm.com\/noticias\/wp-json\/wp\/v2\/categories?post=119889"},{"taxonomy":"post_tag","embeddable":true,"href":"https:\/\/vinasfm.com\/noticias\/wp-json\/wp\/v2\/tags?post=119889"}],"curies":[{"name":"wp","href":"https:\/\/api.w.org\/{rel}","templated":true}]}}