{"id":119887,"date":"2023-03-21T08:48:17","date_gmt":"2023-03-21T11:48:17","guid":{"rendered":"https:\/\/vinasfm.com\/noticias\/?p=119887"},"modified":"2023-03-23T08:12:08","modified_gmt":"2023-03-23T11:12:08","slug":"el-sute-acepto-la-oferta-salarial-del-gobierno-en-la-paritaria-2023","status":"publish","type":"post","link":"https:\/\/vinasfm.com\/noticias\/el-sute-acepto-la-oferta-salarial-del-gobierno-en-la-paritaria-2023\/","title":{"rendered":"EL SUTE ACEPT\u00d3 LA OFERTA SALARIAL DEL GOBIERNO EN LA PARITARIA 2023"},"content":{"rendered":"<div class=\"description-boxed\"><strong>El Gobierno de Mendoza se reuni\u00f3 este lunes 20 con los representantes gremiales del Sindicato Unido de Trabajadores de la Educaci\u00f3n. En ese encuentro, el gremio de los docentes acept\u00f3 la propuesta salarial.<\/strong><\/div>\n<div><\/div>\n<div>El Sindicato \u00danico de Trabajadores de la Educaci\u00f3n (<b>SUTE<\/b>) de\u00a0<b>Mendoza acept\u00f3 la oferta salarial realizada\u00a0<\/b>por el Gobierno la semana pasada. La propuesta contempla\u00a0<b>71% de aumento al b\u00e1sico y tres mesas de revisi\u00f3n<\/b>\u00a0en junio, julio y octubre al 2023.<\/div>\n<div><\/div>\n<div>Las mesas de junio y julio solo se activan si la\u00a0<b>inflaci\u00f3n<\/b>\u00a0seg\u00fan el INDEC supera el aumento percibido por los agentes. Adem\u00e1s, la propuesta contempla un\u00a0<b>mayor reconocimiento a la antig\u00fcedad docente<\/b>\u00a0a partir de abril de 2023. Asimismo, incluye\u00a0<b>dos cl\u00e1usulas de garant\u00eda<\/b>, una por docente de $130.000 y otra por cargo o su equivalente en horas c\u00e1tedra, de $110.000 en marzo, a partir de mayo de $ 115.000 y $ 123.000 a partir de julio.<\/div>\n<div><\/div>\n<div>La oferta salarial del Ejecutivo incluye un incremento escalonado de 71% hasta octubre, con revisi\u00f3n ese mismo mes.<\/div>\n<div><\/div>\n<div>Las mesas de revisi\u00f3n condicionadas al contexto macroecon\u00f3mico implican que si el porcentaje acumulado de enero a junio es inferior a la inflaci\u00f3n, el Gobierno se compromete a reunirse nuevamente en octubre.<\/div>\n<div><\/div>\n<div>La subsecretaria de Gesti\u00f3n P\u00fablica y Modernizaci\u00f3n del Estado, Beatriz Mart\u00ednez, expres\u00f3:<strong><em> &#8216;En la tarde de hoy, se formaliz\u00f3 la aceptaci\u00f3n de la alternativa n\u00famero 2 de la propuesta salarial del Gobierno. De esta forma, el sindicato de la educaci\u00f3n es el primero en aceptar la propuesta del Gobierno provincial. Seguiremos reuni\u00e9ndonos con el resto de los sectores de la Administraci\u00f3n Central con el objetivo de lograr nuevos acuerdos&#8217;.<\/em><\/strong><\/div>\n<div><\/div>\n<div><\/div>\n","protected":false},"excerpt":{"rendered":"<p>El Gobierno de Mendoza se reuni\u00f3 este lunes 20 con los representantes gremiales del Sindicato Unido de Trabajadores de la Educaci\u00f3n. &#8230;<\/p>\n","protected":false},"author":7,"featured_media":19429,"comment_status":"open","ping_status":"open","sticky":false,"template":"","format":"standard","meta":{"footnotes":""},"categories":[5,10],"tags":[],"class_list":["post-119887","post","type-post","status-publish","format-standard","has-post-thumbnail","hentry","category-actualidad","category-destacadas"],"_links":{"self":[{"href":"https:\/\/vinasfm.com\/noticias\/wp-json\/wp\/v2\/posts\/119887","targetHints":{"allow":["GET"]}}],"collection":[{"href":"https:\/\/vinasfm.com\/noticias\/wp-json\/wp\/v2\/posts"}],"about":[{"href":"https:\/\/vinasfm.com\/noticias\/wp-json\/wp\/v2\/types\/post"}],"author":[{"embeddable":true,"href":"https:\/\/vinasfm.com\/noticias\/wp-json\/wp\/v2\/users\/7"}],"replies":[{"embeddable":true,"href":"https:\/\/vinasfm.com\/noticias\/wp-json\/wp\/v2\/comments?post=119887"}],"version-history":[{"count":1,"href":"https:\/\/vinasfm.com\/noticias\/wp-json\/wp\/v2\/posts\/119887\/revisions"}],"predecessor-version":[{"id":119888,"href":"https:\/\/vinasfm.com\/noticias\/wp-json\/wp\/v2\/posts\/119887\/revisions\/119888"}],"wp:featuredmedia":[{"embeddable":true,"href":"https:\/\/vinasfm.com\/noticias\/wp-json\/wp\/v2\/media\/19429"}],"wp:attachment":[{"href":"https:\/\/vinasfm.com\/noticias\/wp-json\/wp\/v2\/media?parent=119887"}],"wp:term":[{"taxonomy":"category","embeddable":true,"href":"https:\/\/vinasfm.com\/noticias\/wp-json\/wp\/v2\/categories?post=119887"},{"taxonomy":"post_tag","embeddable":true,"href":"https:\/\/vinasfm.com\/noticias\/wp-json\/wp\/v2\/tags?post=119887"}],"curies":[{"name":"wp","href":"https:\/\/api.w.org\/{rel}","templated":true}]}}