{"id":119865,"date":"2023-03-20T10:57:31","date_gmt":"2023-03-20T13:57:31","guid":{"rendered":"https:\/\/vinasfm.com\/noticias\/?p=119865"},"modified":"2023-03-21T10:41:39","modified_gmt":"2023-03-21T13:41:39","slug":"encontraron-un-cuerpo-sin-vida-en-una-vivienda-del-barrio-matadero","status":"publish","type":"post","link":"https:\/\/vinasfm.com\/noticias\/encontraron-un-cuerpo-sin-vida-en-una-vivienda-del-barrio-matadero\/","title":{"rendered":"ENCONTRARON UN CUERPO SIN VIDA EN UNA VIVIENDA DEL BARRIO MATADERO"},"content":{"rendered":"<div dir=\"auto\"><strong>Seg\u00fan testigos la muerte datar\u00eda de varios d\u00edas atr\u00e1s.<\/strong><\/div>\n<div dir=\"auto\"><\/div>\n<div dir=\"auto\"><b>Se trata de un hombre de 41 a\u00f1os, identificado como Daniel Iv\u00e1n Dziemid, que habr\u00eda tenido problemas familiares con su pareja y habr\u00eda solicitado esta vivienda de otro familiar para residir unos d\u00edas.<\/b><\/div>\n<div dir=\"auto\"><\/div>\n<div dir=\"auto\"><strong>Los vecinos sostienen que percib\u00edan olores nauseabundos pero lo relacionaban a animales muertos en la zona hasta que alguno de los residentes dio intervenci\u00f3n a la polic\u00eda quienes al ingresar a la vivienda encontraron a <b>Dziemid <\/b>colgado de uno de los techos.<\/strong><\/div>\n","protected":false},"excerpt":{"rendered":"<p>Seg\u00fan testigos la muerte datar\u00eda de varios d\u00edas atr\u00e1s. Se trata de un hombre de 41 a\u00f1os, identificado como Daniel Iv\u00e1n &#8230;<\/p>\n","protected":false},"author":7,"featured_media":119867,"comment_status":"open","ping_status":"open","sticky":false,"template":"","format":"standard","meta":{"footnotes":""},"categories":[5,70],"tags":[],"class_list":["post-119865","post","type-post","status-publish","format-standard","has-post-thumbnail","hentry","category-actualidad","category-insolito"],"_links":{"self":[{"href":"https:\/\/vinasfm.com\/noticias\/wp-json\/wp\/v2\/posts\/119865","targetHints":{"allow":["GET"]}}],"collection":[{"href":"https:\/\/vinasfm.com\/noticias\/wp-json\/wp\/v2\/posts"}],"about":[{"href":"https:\/\/vinasfm.com\/noticias\/wp-json\/wp\/v2\/types\/post"}],"author":[{"embeddable":true,"href":"https:\/\/vinasfm.com\/noticias\/wp-json\/wp\/v2\/users\/7"}],"replies":[{"embeddable":true,"href":"https:\/\/vinasfm.com\/noticias\/wp-json\/wp\/v2\/comments?post=119865"}],"version-history":[{"count":5,"href":"https:\/\/vinasfm.com\/noticias\/wp-json\/wp\/v2\/posts\/119865\/revisions"}],"predecessor-version":[{"id":119873,"href":"https:\/\/vinasfm.com\/noticias\/wp-json\/wp\/v2\/posts\/119865\/revisions\/119873"}],"wp:featuredmedia":[{"embeddable":true,"href":"https:\/\/vinasfm.com\/noticias\/wp-json\/wp\/v2\/media\/119867"}],"wp:attachment":[{"href":"https:\/\/vinasfm.com\/noticias\/wp-json\/wp\/v2\/media?parent=119865"}],"wp:term":[{"taxonomy":"category","embeddable":true,"href":"https:\/\/vinasfm.com\/noticias\/wp-json\/wp\/v2\/categories?post=119865"},{"taxonomy":"post_tag","embeddable":true,"href":"https:\/\/vinasfm.com\/noticias\/wp-json\/wp\/v2\/tags?post=119865"}],"curies":[{"name":"wp","href":"https:\/\/api.w.org\/{rel}","templated":true}]}}