{"id":119848,"date":"2023-03-20T09:38:02","date_gmt":"2023-03-20T12:38:02","guid":{"rendered":"https:\/\/vinasfm.com\/noticias\/?p=119848"},"modified":"2023-03-21T09:41:39","modified_gmt":"2023-03-21T12:41:39","slug":"los-artesanos-alvearenses-celebraron-su-dia-en-la-plaza-de-ciudad","status":"publish","type":"post","link":"https:\/\/vinasfm.com\/noticias\/los-artesanos-alvearenses-celebraron-su-dia-en-la-plaza-de-ciudad\/","title":{"rendered":"LOS ARTESANOS ALVEARENSES CELEBRARON SU D\u00cdA EN LA PLAZA DE CIUDAD"},"content":{"rendered":"<h4><strong>Anoche se vivi\u00f3 el D\u00eda Internacional del Artesano en la plaza departamental Carlos Mar\u00eda de Alvear, con agasajos, shows en vivo, puestos de comida, sorpresas y premios<\/strong><\/h4>\n<p>Por el D\u00eda Internacional del Artesano, ayer, domingo 19 de marzo, a partir de las 19h, en la plaza departamental hubo artesanos y puestos de comida. Adem\u00e1s, particip\u00f3 Cintia Mur, Academia de Danza Inclusiva, Ballet Ucraniano, Banda Municipal, Agua Cristal, Ballet Municipal y Grupo Herencia sobre el escenario.<\/p>\n<p><a href=\"https:\/\/vinasfm.com\/noticias\/wp-content\/uploads\/2023\/03\/MG_7544.jpg\"><img loading=\"lazy\" decoding=\"async\" class=\"wp-image-119850 aligncenter\" src=\"https:\/\/vinasfm.com\/noticias\/wp-content\/uploads\/2023\/03\/MG_7544.jpg\" alt=\"\" width=\"585\" height=\"329\" srcset=\"https:\/\/vinasfm.com\/noticias\/wp-content\/uploads\/2023\/03\/MG_7544.jpg 1920w, https:\/\/vinasfm.com\/noticias\/wp-content\/uploads\/2023\/03\/MG_7544-300x169.jpg 300w, https:\/\/vinasfm.com\/noticias\/wp-content\/uploads\/2023\/03\/MG_7544-1024x576.jpg 1024w, https:\/\/vinasfm.com\/noticias\/wp-content\/uploads\/2023\/03\/MG_7544-768x432.jpg 768w, https:\/\/vinasfm.com\/noticias\/wp-content\/uploads\/2023\/03\/MG_7544-1536x864.jpg 1536w, https:\/\/vinasfm.com\/noticias\/wp-content\/uploads\/2023\/03\/MG_7544-750x420.jpg 750w, https:\/\/vinasfm.com\/noticias\/wp-content\/uploads\/2023\/03\/MG_7544-1140x641.jpg 1140w\" sizes=\"auto, (max-width: 585px) 100vw, 585px\" \/><\/a> <a href=\"https:\/\/vinasfm.com\/noticias\/wp-content\/uploads\/2023\/03\/MG_7501.jpg\"><img loading=\"lazy\" decoding=\"async\" class=\"wp-image-119851 aligncenter\" src=\"https:\/\/vinasfm.com\/noticias\/wp-content\/uploads\/2023\/03\/MG_7501.jpg\" alt=\"\" width=\"658\" height=\"370\" srcset=\"https:\/\/vinasfm.com\/noticias\/wp-content\/uploads\/2023\/03\/MG_7501.jpg 1920w, https:\/\/vinasfm.com\/noticias\/wp-content\/uploads\/2023\/03\/MG_7501-300x169.jpg 300w, https:\/\/vinasfm.com\/noticias\/wp-content\/uploads\/2023\/03\/MG_7501-1024x576.jpg 1024w, https:\/\/vinasfm.com\/noticias\/wp-content\/uploads\/2023\/03\/MG_7501-768x432.jpg 768w, https:\/\/vinasfm.com\/noticias\/wp-content\/uploads\/2023\/03\/MG_7501-1536x864.jpg 1536w, https:\/\/vinasfm.com\/noticias\/wp-content\/uploads\/2023\/03\/MG_7501-1140x641.jpg 1140w\" sizes=\"auto, (max-width: 658px) 100vw, 658px\" \/><\/a><\/p>\n<p>El Director de Desarrollo Econ\u00f3mico e Innovaci\u00f3n Pablo Longo expres\u00f3: <em><strong>\u201cEstamos contentos de poder concretar este gran evento, porque los artesanos acompa\u00f1an en cada Tardecita de mercado, en peatonales en Ciudad y distritos, en Paseo Belgrano. La plaza estuvo colmada de grupos familiares y de amigos. Adem\u00e1s, hubo muchos artistas, m\u00fasicos y bailarines, m\u00e1s de 25 puestos de artesanos y 15 puestos gastron\u00f3micos\u201d<\/strong><\/em>. Adem\u00e1s, destac\u00f3 la gran obra, que pronto se va a inaugurar, en el Km 0 de la Ciudad, que va a contribuir a potenciar las ventas de productores y artesanos locales.<\/p>\n<p>Por su parte, Eva manifest\u00f3: <em><strong>\u201cEstoy feliz de haberme convertido en artesana hace dos a\u00f1os, gracias a un proyecto iniciado con mi hijo, hacemos pulseras en macram\u00e9 y bisuter\u00eda artesanal. Empezamos en el mercado municipal y luego tambi\u00e9n en cada evento que nos ha invitado el municipio, nos ha ido bien, nos ha permitido crecer en las ventas y progresar. Nos pueden encontrar en redes sociales como @Creaciones Joaqu\u00edn\u201d<\/strong><\/em>. Marta posee un emprendimiento de Amigurumis elaborados a crochet, <em><strong>\u201cParticipo en el Mercado municipal, en las peatonales, en todos esos lugares que me invitan. La municipalidad nos brinda un espacio y nos ayuda en nuestra econom\u00eda. Hay mujeres que hacen tejidos, pulseras, cer\u00e1mica, todo trabajo manual. Yo empec\u00e9 tejiendo para mis nietos y hoy me pueden encontrar en redes @maminna alvear\u201d<\/strong><\/em>.<\/p>\n<p><a href=\"https:\/\/vinasfm.com\/noticias\/wp-content\/uploads\/2023\/03\/IMG_7582.jpg\"><img loading=\"lazy\" decoding=\"async\" class=\"wp-image-119852 aligncenter\" src=\"https:\/\/vinasfm.com\/noticias\/wp-content\/uploads\/2023\/03\/IMG_7582.jpg\" alt=\"\" width=\"553\" height=\"311\" srcset=\"https:\/\/vinasfm.com\/noticias\/wp-content\/uploads\/2023\/03\/IMG_7582.jpg 1920w, https:\/\/vinasfm.com\/noticias\/wp-content\/uploads\/2023\/03\/IMG_7582-300x169.jpg 300w, https:\/\/vinasfm.com\/noticias\/wp-content\/uploads\/2023\/03\/IMG_7582-1024x576.jpg 1024w, https:\/\/vinasfm.com\/noticias\/wp-content\/uploads\/2023\/03\/IMG_7582-768x432.jpg 768w, https:\/\/vinasfm.com\/noticias\/wp-content\/uploads\/2023\/03\/IMG_7582-1536x864.jpg 1536w, https:\/\/vinasfm.com\/noticias\/wp-content\/uploads\/2023\/03\/IMG_7582-750x420.jpg 750w, https:\/\/vinasfm.com\/noticias\/wp-content\/uploads\/2023\/03\/IMG_7582-1140x641.jpg 1140w\" sizes=\"auto, (max-width: 553px) 100vw, 553px\" \/><\/a><\/p>\n","protected":false},"excerpt":{"rendered":"<p>Anoche se vivi\u00f3 el D\u00eda Internacional del Artesano en la plaza departamental Carlos Mar\u00eda de Alvear, con agasajos, shows en vivo, &#8230;<\/p>\n","protected":false},"author":7,"featured_media":119849,"comment_status":"open","ping_status":"open","sticky":false,"template":"","format":"standard","meta":{"footnotes":""},"categories":[5,19],"tags":[],"class_list":["post-119848","post","type-post","status-publish","format-standard","has-post-thumbnail","hentry","category-actualidad","category-cultura"],"_links":{"self":[{"href":"https:\/\/vinasfm.com\/noticias\/wp-json\/wp\/v2\/posts\/119848","targetHints":{"allow":["GET"]}}],"collection":[{"href":"https:\/\/vinasfm.com\/noticias\/wp-json\/wp\/v2\/posts"}],"about":[{"href":"https:\/\/vinasfm.com\/noticias\/wp-json\/wp\/v2\/types\/post"}],"author":[{"embeddable":true,"href":"https:\/\/vinasfm.com\/noticias\/wp-json\/wp\/v2\/users\/7"}],"replies":[{"embeddable":true,"href":"https:\/\/vinasfm.com\/noticias\/wp-json\/wp\/v2\/comments?post=119848"}],"version-history":[{"count":1,"href":"https:\/\/vinasfm.com\/noticias\/wp-json\/wp\/v2\/posts\/119848\/revisions"}],"predecessor-version":[{"id":119856,"href":"https:\/\/vinasfm.com\/noticias\/wp-json\/wp\/v2\/posts\/119848\/revisions\/119856"}],"wp:featuredmedia":[{"embeddable":true,"href":"https:\/\/vinasfm.com\/noticias\/wp-json\/wp\/v2\/media\/119849"}],"wp:attachment":[{"href":"https:\/\/vinasfm.com\/noticias\/wp-json\/wp\/v2\/media?parent=119848"}],"wp:term":[{"taxonomy":"category","embeddable":true,"href":"https:\/\/vinasfm.com\/noticias\/wp-json\/wp\/v2\/categories?post=119848"},{"taxonomy":"post_tag","embeddable":true,"href":"https:\/\/vinasfm.com\/noticias\/wp-json\/wp\/v2\/tags?post=119848"}],"curies":[{"name":"wp","href":"https:\/\/api.w.org\/{rel}","templated":true}]}}