{"id":119836,"date":"2023-03-20T08:40:10","date_gmt":"2023-03-20T11:40:10","guid":{"rendered":"https:\/\/vinasfm.com\/noticias\/?p=119836"},"modified":"2023-03-21T08:49:18","modified_gmt":"2023-03-21T11:49:18","slug":"fuerte-accidente-en-avenida-libertador-y-uspallata","status":"publish","type":"post","link":"https:\/\/vinasfm.com\/noticias\/fuerte-accidente-en-avenida-libertador-y-uspallata\/","title":{"rendered":"FUERTE ACCIDENTE EN AVENIDA LIBERTADOR Y USPALLATA"},"content":{"rendered":"<div dir=\"auto\"><strong>El hecho se produjo el pasado domingo en la madrugada.\u00a0<\/strong><\/div>\n<div dir=\"auto\"><\/div>\n<div dir=\"auto\">El conductor del Renault 21, un hombre de 56 a\u00f1os, circulaba hacia el norte, cuando al llegar a los sem\u00e1foros de Avenida Libertador y Uspallata, seg\u00fan su testimonio, se le cruz\u00f3 un perro, y al esquivarlo, perdi\u00f3 el control del veh\u00edculo e impact\u00f3 con una columna sobre el boulevard del lugar.<\/div>\n<div dir=\"auto\"><\/div>\n<div dir=\"auto\">A pesar de los importantes da\u00f1os del auto, el conductor se encontraba fuera de peligro.<\/div>\n<div dir=\"auto\"><a href=\"https:\/\/vinasfm.com\/noticias\/wp-content\/uploads\/2023\/03\/336872857_768107761220510_5118329566292583888_n.jpg\"><img loading=\"lazy\" decoding=\"async\" class=\"wp-image-119839 aligncenter\" src=\"https:\/\/vinasfm.com\/noticias\/wp-content\/uploads\/2023\/03\/336872857_768107761220510_5118329566292583888_n.jpg\" alt=\"\" width=\"449\" height=\"218\" srcset=\"https:\/\/vinasfm.com\/noticias\/wp-content\/uploads\/2023\/03\/336872857_768107761220510_5118329566292583888_n.jpg 1280w, https:\/\/vinasfm.com\/noticias\/wp-content\/uploads\/2023\/03\/336872857_768107761220510_5118329566292583888_n-300x146.jpg 300w, https:\/\/vinasfm.com\/noticias\/wp-content\/uploads\/2023\/03\/336872857_768107761220510_5118329566292583888_n-1024x498.jpg 1024w, https:\/\/vinasfm.com\/noticias\/wp-content\/uploads\/2023\/03\/336872857_768107761220510_5118329566292583888_n-768x373.jpg 768w\" sizes=\"auto, (max-width: 449px) 100vw, 449px\" \/><\/a> <a href=\"https:\/\/vinasfm.com\/noticias\/wp-content\/uploads\/2023\/03\/337132676_737507051152620_2298647528705023421_n.jpg\"><img loading=\"lazy\" decoding=\"async\" class=\"wp-image-119840 aligncenter\" src=\"https:\/\/vinasfm.com\/noticias\/wp-content\/uploads\/2023\/03\/337132676_737507051152620_2298647528705023421_n.jpg\" alt=\"\" width=\"448\" height=\"203\" srcset=\"https:\/\/vinasfm.com\/noticias\/wp-content\/uploads\/2023\/03\/337132676_737507051152620_2298647528705023421_n.jpg 614w, https:\/\/vinasfm.com\/noticias\/wp-content\/uploads\/2023\/03\/337132676_737507051152620_2298647528705023421_n-300x136.jpg 300w\" sizes=\"auto, (max-width: 448px) 100vw, 448px\" \/><\/a><\/div>\n","protected":false},"excerpt":{"rendered":"<p>El hecho se produjo el pasado domingo en la madrugada.\u00a0 El conductor del Renault 21, un hombre de 56 a\u00f1os, circulaba &#8230;<\/p>\n","protected":false},"author":7,"featured_media":119837,"comment_status":"open","ping_status":"open","sticky":false,"template":"","format":"standard","meta":{"footnotes":""},"categories":[5,184],"tags":[],"class_list":["post-119836","post","type-post","status-publish","format-standard","has-post-thumbnail","hentry","category-actualidad","category-siniestro-vial"],"_links":{"self":[{"href":"https:\/\/vinasfm.com\/noticias\/wp-json\/wp\/v2\/posts\/119836","targetHints":{"allow":["GET"]}}],"collection":[{"href":"https:\/\/vinasfm.com\/noticias\/wp-json\/wp\/v2\/posts"}],"about":[{"href":"https:\/\/vinasfm.com\/noticias\/wp-json\/wp\/v2\/types\/post"}],"author":[{"embeddable":true,"href":"https:\/\/vinasfm.com\/noticias\/wp-json\/wp\/v2\/users\/7"}],"replies":[{"embeddable":true,"href":"https:\/\/vinasfm.com\/noticias\/wp-json\/wp\/v2\/comments?post=119836"}],"version-history":[{"count":2,"href":"https:\/\/vinasfm.com\/noticias\/wp-json\/wp\/v2\/posts\/119836\/revisions"}],"predecessor-version":[{"id":119843,"href":"https:\/\/vinasfm.com\/noticias\/wp-json\/wp\/v2\/posts\/119836\/revisions\/119843"}],"wp:featuredmedia":[{"embeddable":true,"href":"https:\/\/vinasfm.com\/noticias\/wp-json\/wp\/v2\/media\/119837"}],"wp:attachment":[{"href":"https:\/\/vinasfm.com\/noticias\/wp-json\/wp\/v2\/media?parent=119836"}],"wp:term":[{"taxonomy":"category","embeddable":true,"href":"https:\/\/vinasfm.com\/noticias\/wp-json\/wp\/v2\/categories?post=119836"},{"taxonomy":"post_tag","embeddable":true,"href":"https:\/\/vinasfm.com\/noticias\/wp-json\/wp\/v2\/tags?post=119836"}],"curies":[{"name":"wp","href":"https:\/\/api.w.org\/{rel}","templated":true}]}}