{"id":119768,"date":"2023-03-17T08:35:50","date_gmt":"2023-03-17T11:35:50","guid":{"rendered":"https:\/\/vinasfm.com\/noticias\/?p=119768"},"modified":"2023-03-17T23:55:34","modified_gmt":"2023-03-18T02:55:34","slug":"comenzaron-las-sesiones-ordinarias-en-el-concejo-deliberante","status":"publish","type":"post","link":"https:\/\/vinasfm.com\/noticias\/comenzaron-las-sesiones-ordinarias-en-el-concejo-deliberante\/","title":{"rendered":"COMENZARON LAS SESIONES ORDINARIAS EN EL CONCEJO DELIBERANTE"},"content":{"rendered":"<p><strong>Ayer, jueves 16 de marso, se llev\u00f3 a cabo la primera Sesi\u00f3n Ordinaria en el Concejo Deliberante de General Alvear. <\/strong><a href=\"https:\/\/vinasfm.com\/noticias\/wp-content\/uploads\/2023\/03\/336778886_153804187250363_2307887937339140062_n.jpg\"><img loading=\"lazy\" decoding=\"async\" class=\"wp-image-119773 aligncenter\" src=\"https:\/\/vinasfm.com\/noticias\/wp-content\/uploads\/2023\/03\/336778886_153804187250363_2307887937339140062_n.jpg\" alt=\"\" width=\"599\" height=\"502\" srcset=\"https:\/\/vinasfm.com\/noticias\/wp-content\/uploads\/2023\/03\/336778886_153804187250363_2307887937339140062_n.jpg 940w, https:\/\/vinasfm.com\/noticias\/wp-content\/uploads\/2023\/03\/336778886_153804187250363_2307887937339140062_n-300x251.jpg 300w, https:\/\/vinasfm.com\/noticias\/wp-content\/uploads\/2023\/03\/336778886_153804187250363_2307887937339140062_n-768x644.jpg 768w\" sizes=\"auto, (max-width: 599px) 100vw, 599px\" \/><\/a><\/p>\n<p><em><strong>&#8216;Hemos realizado la primera sesi\u00f3n ordinara en donde hemos dado tratamiento a diferentes temas que estaban ingresados por notas, o que fueron bajados desde el ejecutivo, como tambi\u00e9n proyectos que han presentado los diferentes bloques y ya se han derivado a las comisiones&#8217;<\/strong><\/em> explic\u00f3 la Presidente del HCD, Mabel Uccelli y agreg\u00f3 <strong><em>&#8216;as\u00ed mismo el d\u00eda jueves qued\u00f3 establecido como d\u00eda de sesi\u00f3n y los integrantes de cada una de las comisiones para tratar cada proyecto&#8217;.<\/em><\/strong><\/p>\n<p><em><strong>&#8216;estuvo centrado en una ordenanza que se hab\u00eda trabajado muchos, desde la parte privada y en conjunto con los concejales&#8217;.<\/strong><\/em> Se trata de la ordenanza que regula al Club Alvearense Veh\u00edculos Antiguos,<em><strong> &#8216;la que gente que la conforma trabaj\u00f3 mucho para que quede regulado el grupo de gente que tiene autos antiguos y as\u00ed est\u00e9 todo en regla para el pr\u00f3ximo evento. Sabemos que es una actividad muy importante que nos beneficia tur\u00edsticamente&#8217;.<\/strong><\/em><\/p>\n<p>En cuanto a la regulaci\u00f3n de los veh\u00edculos, Uccelli dijo:<strong><em> &#8216;son veh\u00edculos que tienen m\u00e1s de 30 a\u00f1os y por eso tienen que cumplir con ciertos requisitos que incluyen seguro, RTO y otros que ellos mismos han establecido&#8217;<\/em><\/strong> y subray\u00f3 <strong><em>&#8216;a partir de ahora se va a generar un registro \u00fanico de ese tipos de autos y que el municipio va a tener a cargo la autoridad de aplicaci\u00f3n a trav\u00e9s de la Polic\u00eda de Transito Municipal&#8217;.<\/em><\/strong><\/p>\n<p>&nbsp;<\/p>\n","protected":false},"excerpt":{"rendered":"<p>Ayer, jueves 16 de marso, se llev\u00f3 a cabo la primera Sesi\u00f3n Ordinaria en el Concejo Deliberante de General Alvear. &#8216;Hemos &#8230;<\/p>\n","protected":false},"author":7,"featured_media":22553,"comment_status":"open","ping_status":"open","sticky":false,"template":"","format":"standard","meta":{"footnotes":""},"categories":[5,26],"tags":[],"class_list":["post-119768","post","type-post","status-publish","format-standard","has-post-thumbnail","hentry","category-actualidad","category-hcd"],"_links":{"self":[{"href":"https:\/\/vinasfm.com\/noticias\/wp-json\/wp\/v2\/posts\/119768","targetHints":{"allow":["GET"]}}],"collection":[{"href":"https:\/\/vinasfm.com\/noticias\/wp-json\/wp\/v2\/posts"}],"about":[{"href":"https:\/\/vinasfm.com\/noticias\/wp-json\/wp\/v2\/types\/post"}],"author":[{"embeddable":true,"href":"https:\/\/vinasfm.com\/noticias\/wp-json\/wp\/v2\/users\/7"}],"replies":[{"embeddable":true,"href":"https:\/\/vinasfm.com\/noticias\/wp-json\/wp\/v2\/comments?post=119768"}],"version-history":[{"count":3,"href":"https:\/\/vinasfm.com\/noticias\/wp-json\/wp\/v2\/posts\/119768\/revisions"}],"predecessor-version":[{"id":119795,"href":"https:\/\/vinasfm.com\/noticias\/wp-json\/wp\/v2\/posts\/119768\/revisions\/119795"}],"wp:featuredmedia":[{"embeddable":true,"href":"https:\/\/vinasfm.com\/noticias\/wp-json\/wp\/v2\/media\/22553"}],"wp:attachment":[{"href":"https:\/\/vinasfm.com\/noticias\/wp-json\/wp\/v2\/media?parent=119768"}],"wp:term":[{"taxonomy":"category","embeddable":true,"href":"https:\/\/vinasfm.com\/noticias\/wp-json\/wp\/v2\/categories?post=119768"},{"taxonomy":"post_tag","embeddable":true,"href":"https:\/\/vinasfm.com\/noticias\/wp-json\/wp\/v2\/tags?post=119768"}],"curies":[{"name":"wp","href":"https:\/\/api.w.org\/{rel}","templated":true}]}}