{"id":119754,"date":"2023-03-16T11:18:51","date_gmt":"2023-03-16T14:18:51","guid":{"rendered":"https:\/\/vinasfm.com\/noticias\/?p=119754"},"modified":"2023-03-17T10:17:40","modified_gmt":"2023-03-17T13:17:40","slug":"el-concejal-hernan-climent-solicito-a-la-presidente-del-hcd-que-se-esclarezca-a-que-agrupacion-pertenece-el-concejal-adrian-caltabiano","status":"publish","type":"post","link":"https:\/\/vinasfm.com\/noticias\/el-concejal-hernan-climent-solicito-a-la-presidente-del-hcd-que-se-esclarezca-a-que-agrupacion-pertenece-el-concejal-adrian-caltabiano\/","title":{"rendered":"EL CONCEJAL HERN\u00c1N CLIMENT SOLICIT\u00d3 A LA PRESIDENTE DEL HCD QUE SE ESCLAREZCA A QU\u00c9 AGRUPACI\u00d3N PERTENECE EL CONCEJAL ADRI\u00c1N CALTABIANO"},"content":{"rendered":"<p><strong>Lo realiz\u00f3 por medio de una carta dirigida a Mabel Uccelli.\u00a0<\/strong><\/p>\n<p>El Concejal Hern\u00e1n Climent expres\u00f3 que la carta tiene que ver con la Instituci\u00f3n,<strong><em> &#8216;fue una aclaraci\u00f3n que le hice a Caltabiano. Entr\u00f3 por \u00abCambia Ya\u00bb y hoy hace declaraciones por \u00abActiva Mendoza\u00bb y \u00abActiva Alvear\u00bb; es muy confuso y ni la sociedad, ni la Instituci\u00f3n. se merecen este trato&#8217;.\u00a0<\/em><\/strong><\/p>\n<p>El dilema surgi\u00f3 por las declaraciones del Concejal Adri\u00e1n Caltabiano que realiz\u00f3 una publicaci\u00f3n sobre el presupuesto tratado el a\u00f1o pasado en el Honorable Concejo Deliberante, en donde afirma que constituye en una suma de 320 millones, cuando en realidad la suma aprobada y presupuestada es de 230 millones.<strong><em> &#8216;Hoy reconoci\u00f3 que fue un error de tipeo en la nota y que \u00e9l se va a presentar como otra agrupaci\u00f3n pol\u00edtica, pero hasta el momento su banca tiene el nombre de \u00abCambia Ya\u00bb&#8216;<\/em><\/strong>, explic\u00f3 Climent.<\/p>\n<p>Por ultimo subray\u00f3 que<strong><em> &#8216;se est\u00e1 atacando a una Instituci\u00f3n de la cual llevamos 40 a\u00f1os defendi\u00e9ndola, el tema tendr\u00eda que haber sido aclarado por fuera del Concejo. Como representantes y participes de la democracia tenemos que defender la Instituci\u00f3n&#8217;.\u00a0<\/em><\/strong><\/p>\n<p>A continuaci\u00f3n queda adjuntamos copia de la carta.<\/p>\n<p>&nbsp;<\/p>\n<p style=\"text-align: right;\">15 de Marzo del 2023, General Alvear Mendoza.<br \/>\nRef: Nota a Presidencia<\/p>\n<p>A la Presidente del Honorable<br \/>\nConcejo Deliberante de Gral. Alvear<br \/>\nSra. Mabel Ucelli<br \/>\nS______\/ \/_________ D<\/p>\n<p>En mi car\u00e1cter de Concejal de General Alvear Mza. me dirijo a Ud. a fin de solicitar mediante su intermedio, se informe a qu\u00e9 espacio pol\u00edtico pertenece el sr. Edil Adri\u00e1n Caltabiano, debido a que su banca es representada por el espacio pol\u00edtico \u201cCambia Ya\u201d, pero en declaraciones desafortunadas sobre esta Instituci\u00f3n, lo hace mediante el espacio \u201cActiv\u00e1 Mendoza\/ Activ\u00e1 Alvear\u201d, generando una confusi\u00f3n, o quiz\u00e1s un descuido al momento de haberlo informado oficialmente.<\/p>\n<p>En segundo lugar, y como ya lo anticip\u00e9 recientemente, solicito se retracte acerca de informaci\u00f3n que; en la nota brindada a trav\u00e9s de un medio period\u00edstico provincial, realiza respecto al Honorable Concejo, ya que la misma es una falacia,<br \/>\ny debe ser aclarada, porque se expone que la cifra del presupuesto de esta Instituci\u00f3n, que \u00e9l integra se constituye en una suma de 320 millones, cuando en realidad la suma aprobada y presupuestada es de 230 millones. La responsabilidad de bien informar recae en su persona, ya que es la \u00fanica figura pol\u00edtica de su espacio que posee un cargo representativo obtenido mediante el voto popular, y ser parte de una nota donde adem\u00e1s de la falla del valor expresado, se suman expresiones que van en contra de la representatividad e institucionalidad, de manera expresa est\u00e1 dando su consentimiento.<\/p>\n<p>Y por \u00faltimo, y para finalizar, informar nuevamente de manera oficial que la buena predisposici\u00f3n sigue estando, como desde el primer d\u00eda, al momento de entablar acciones o realizar sugerencias, propuestas constructivas al presupuesto,<br \/>\nreclamos de vecinos, y verdaderos debates serios, para que se involucre y sea verdaderamente parte.<\/p>\n<p>Sin otro motivo m\u00e1s para expresar, saludo atte.<\/p>\n<p style=\"text-align: right;\">Concejal Hern\u00e1n Climent<\/p>\n","protected":false},"excerpt":{"rendered":"<p>Lo realiz\u00f3 por medio de una carta dirigida a Mabel Uccelli.\u00a0 El Concejal Hern\u00e1n Climent expres\u00f3 que la carta tiene que &#8230;<\/p>\n","protected":false},"author":7,"featured_media":54698,"comment_status":"open","ping_status":"open","sticky":false,"template":"","format":"standard","meta":{"footnotes":""},"categories":[5,26],"tags":[],"class_list":["post-119754","post","type-post","status-publish","format-standard","has-post-thumbnail","hentry","category-actualidad","category-hcd"],"_links":{"self":[{"href":"https:\/\/vinasfm.com\/noticias\/wp-json\/wp\/v2\/posts\/119754","targetHints":{"allow":["GET"]}}],"collection":[{"href":"https:\/\/vinasfm.com\/noticias\/wp-json\/wp\/v2\/posts"}],"about":[{"href":"https:\/\/vinasfm.com\/noticias\/wp-json\/wp\/v2\/types\/post"}],"author":[{"embeddable":true,"href":"https:\/\/vinasfm.com\/noticias\/wp-json\/wp\/v2\/users\/7"}],"replies":[{"embeddable":true,"href":"https:\/\/vinasfm.com\/noticias\/wp-json\/wp\/v2\/comments?post=119754"}],"version-history":[{"count":4,"href":"https:\/\/vinasfm.com\/noticias\/wp-json\/wp\/v2\/posts\/119754\/revisions"}],"predecessor-version":[{"id":119794,"href":"https:\/\/vinasfm.com\/noticias\/wp-json\/wp\/v2\/posts\/119754\/revisions\/119794"}],"wp:featuredmedia":[{"embeddable":true,"href":"https:\/\/vinasfm.com\/noticias\/wp-json\/wp\/v2\/media\/54698"}],"wp:attachment":[{"href":"https:\/\/vinasfm.com\/noticias\/wp-json\/wp\/v2\/media?parent=119754"}],"wp:term":[{"taxonomy":"category","embeddable":true,"href":"https:\/\/vinasfm.com\/noticias\/wp-json\/wp\/v2\/categories?post=119754"},{"taxonomy":"post_tag","embeddable":true,"href":"https:\/\/vinasfm.com\/noticias\/wp-json\/wp\/v2\/tags?post=119754"}],"curies":[{"name":"wp","href":"https:\/\/api.w.org\/{rel}","templated":true}]}}