{"id":119722,"date":"2023-03-16T08:38:40","date_gmt":"2023-03-16T11:38:40","guid":{"rendered":"https:\/\/vinasfm.com\/noticias\/?p=119722"},"modified":"2023-03-17T07:59:28","modified_gmt":"2023-03-17T10:59:28","slug":"ypf-subio-los-precios-38-en-promedio","status":"publish","type":"post","link":"https:\/\/vinasfm.com\/noticias\/ypf-subio-los-precios-38-en-promedio\/","title":{"rendered":"YPF: SUBI\u00d3 LOS PRECIOS 3,8% EN PROMEDIO"},"content":{"rendered":"<h4><strong>La petrolera se suma a Shell que ayer subi\u00f3 sus precios. Estos aumentos son parte del acuerdo que las empresas del sector firmaron con el Ministerio de Econom\u00eda<\/strong><\/h4>\n<p>La compa\u00f1\u00eda\u00a0<b>YPF<\/b>\u00a0inform\u00f3 que aplic\u00f3 un aumento en el precio de sus combustibles un 3,8% promedio, a partir de las 0 de este jueves 16 de marzo, seg\u00fan un comunicado de la empresa.<\/p>\n<p><em><strong>\u201cEste ajuste contribuye a compensar la variaci\u00f3n del tipo de cambio oficial, los mayores costos log\u00edsticos y de operaci\u00f3n, y el aumento de precios de los biocombustibles\u201d<\/strong><\/em>, indic\u00f3 la petrolera.<\/p>\n<p>De esta manera,\u00a0<b>YPF<\/b>\u00a0se suma a la compa\u00f1\u00eda\u00a0<b>Shell<\/b>\u00a0quien dispuso un aumento de su productos este mi\u00e9rcoles.<\/p>\n<p>Shell aument\u00f3 un 3,8% el valor de sus naftas y gasoil a partir del primer minuto de hoy, en consonancia con lo acordado con el Gobierno, en el marco del\u00a0<b>programa Precios Justos<\/b>\u00a0para los combustibles que fij\u00f3 topes para los incrementos del sector.<\/p>\n<p><b>Ra\u00edzen Argentina<\/b>, licenciataria de la marca, dijo que la actualizaci\u00f3n \u201cintenta absorber m\u00ednimamente los incrementos de los precios de los biocombustibles\u201d. Tambi\u00e9n que \u201cel aumento de costos log\u00edsticos, y la variaci\u00f3n del tipo de cambio oficial que afecta el precio de las materias primas que utilizamos para la producci\u00f3n de combustibles\u201d.<\/p>\n<p>El programa preve\u00eda un sendero de incrementos de precios de 4% para diciembre, 4% para enero, 4% para febrero y 3,8% para marzo.<\/p>\n<h2><em><strong>PRECIOS EN GENERAL ALVEAR<\/strong><\/em><\/h2>\n<p><a href=\"https:\/\/vinasfm.com\/noticias\/wp-content\/uploads\/2023\/03\/WhatsApp-Image-2023-03-16-at-01.18.17.jpeg\"><img loading=\"lazy\" decoding=\"async\" class=\"wp-image-119726 aligncenter\" src=\"https:\/\/vinasfm.com\/noticias\/wp-content\/uploads\/2023\/03\/WhatsApp-Image-2023-03-16-at-01.18.17.jpeg\" alt=\"\" width=\"440\" height=\"782\" srcset=\"https:\/\/vinasfm.com\/noticias\/wp-content\/uploads\/2023\/03\/WhatsApp-Image-2023-03-16-at-01.18.17.jpeg 720w, https:\/\/vinasfm.com\/noticias\/wp-content\/uploads\/2023\/03\/WhatsApp-Image-2023-03-16-at-01.18.17-169x300.jpeg 169w, https:\/\/vinasfm.com\/noticias\/wp-content\/uploads\/2023\/03\/WhatsApp-Image-2023-03-16-at-01.18.17-576x1024.jpeg 576w\" sizes=\"auto, (max-width: 440px) 100vw, 440px\" \/><\/a><\/p>\n","protected":false},"excerpt":{"rendered":"<p>La petrolera se suma a Shell que ayer subi\u00f3 sus precios. Estos aumentos son parte del acuerdo que las empresas del &#8230;<\/p>\n","protected":false},"author":7,"featured_media":51769,"comment_status":"open","ping_status":"open","sticky":false,"template":"","format":"standard","meta":{"footnotes":""},"categories":[5,169],"tags":[],"class_list":["post-119722","post","type-post","status-publish","format-standard","has-post-thumbnail","hentry","category-actualidad","category-aumentos"],"_links":{"self":[{"href":"https:\/\/vinasfm.com\/noticias\/wp-json\/wp\/v2\/posts\/119722","targetHints":{"allow":["GET"]}}],"collection":[{"href":"https:\/\/vinasfm.com\/noticias\/wp-json\/wp\/v2\/posts"}],"about":[{"href":"https:\/\/vinasfm.com\/noticias\/wp-json\/wp\/v2\/types\/post"}],"author":[{"embeddable":true,"href":"https:\/\/vinasfm.com\/noticias\/wp-json\/wp\/v2\/users\/7"}],"replies":[{"embeddable":true,"href":"https:\/\/vinasfm.com\/noticias\/wp-json\/wp\/v2\/comments?post=119722"}],"version-history":[{"count":1,"href":"https:\/\/vinasfm.com\/noticias\/wp-json\/wp\/v2\/posts\/119722\/revisions"}],"predecessor-version":[{"id":119728,"href":"https:\/\/vinasfm.com\/noticias\/wp-json\/wp\/v2\/posts\/119722\/revisions\/119728"}],"wp:featuredmedia":[{"embeddable":true,"href":"https:\/\/vinasfm.com\/noticias\/wp-json\/wp\/v2\/media\/51769"}],"wp:attachment":[{"href":"https:\/\/vinasfm.com\/noticias\/wp-json\/wp\/v2\/media?parent=119722"}],"wp:term":[{"taxonomy":"category","embeddable":true,"href":"https:\/\/vinasfm.com\/noticias\/wp-json\/wp\/v2\/categories?post=119722"},{"taxonomy":"post_tag","embeddable":true,"href":"https:\/\/vinasfm.com\/noticias\/wp-json\/wp\/v2\/tags?post=119722"}],"curies":[{"name":"wp","href":"https:\/\/api.w.org\/{rel}","templated":true}]}}