{"id":119709,"date":"2023-03-15T10:16:20","date_gmt":"2023-03-15T13:16:20","guid":{"rendered":"https:\/\/vinasfm.com\/noticias\/?p=119709"},"modified":"2023-03-16T10:22:08","modified_gmt":"2023-03-16T13:22:08","slug":"nueva-alerta-amarilla-para-mendoza-por-tormentas-y-ocasional-caida-de-granizo","status":"publish","type":"post","link":"https:\/\/vinasfm.com\/noticias\/nueva-alerta-amarilla-para-mendoza-por-tormentas-y-ocasional-caida-de-granizo\/","title":{"rendered":"NUEVA ALERTA AMARILLA PARA MENDOZA POR TORMENTAS Y OCASIONAL CA\u00cdDA DE GRANIZO"},"content":{"rendered":"<h4>Mendoza\u00a0se encuentra este mi\u00e9rcoles bajo\u00a0alerta amarilla por tormentas de variada intensidad, que podr\u00e1n ser acompa\u00f1adas de intensas r\u00e1fagas y\u00a0ocasional ca\u00edda de granizo, inform\u00f3 el\u00a0<em>Servicio Meteorol\u00f3gico Nacional<\/em>\u00a0(SMN). El\u00a0pron\u00f3stico del tiempo en Mendoza indica tormentas aisladas hacia la noche y poco cambio de la temperatura<\/h4>\n<p>Seg\u00fan el reporte del organismo, la\u00a0<strong>advertencia por tormentas rige para Mendoza<\/strong>\u00a0en los departamentos de\u00a0<strong>Capital, Godoy Cruz, Guaymall\u00e9n, Maip\u00fa; m\u00e1s el Este de Las Heras, La Paz, Lavalle, San Mart\u00edn y Santa Rosa<\/strong>. Tambi\u00e9n est\u00e1n pintado de amarillo\u00a0<strong>General Alvear<\/strong>\u00a0y la\u00a0<strong>zona baja de San Rafael<\/strong>.<\/p>\n<p>En las \u00e1reas afectadas del norte del pa\u00eds,\u00a0<strong>se esperan tormentas de variada intensidad<\/strong>, algunas localmente fuertes, que estar\u00e1n acompa\u00f1adas de\u00a0<strong>intensas r\u00e1fagas<\/strong>,\u00a0<strong>ocasional ca\u00edda de granizo<\/strong>, fuerte actividad el\u00e9ctrica y principalmente abundante ca\u00edda de agua en cortos per\u00edodos, con una\u00a0<strong>precipitaci\u00f3n acumulada prevista entre 20 y 40 mil\u00edmetros<\/strong>.<\/p>\n<p>En todos los casos, el organismo recomend\u00f3 no sacar la basura, retirar objetos que impidan que el agua escurra, evitar actividades al aire libre,\u00a0<strong>no refugiarse cerca de \u00e1rboles<\/strong>\u00a0y postes de electricidad que puedan caerse y no permanecer en playas, r\u00edos, lagunas o piletas para\u00a0<strong>minimizar el riesgo de ser alcanzado por un rayo<\/strong>.<\/p>\n<p>Adem\u00e1s, estar atento ante la posible\u00a0<strong>ca\u00edda de granizo<\/strong>,\u00a0<strong>informarse por las autoridades<\/strong>\u00a0y tener siempre lista una mochila de emergencias con linterna, radio, documentos y tel\u00e9fono.<\/p>\n<h2>Pron\u00f3stico del tiempo en Mendoza seg\u00fan Contingencias Clim\u00e1ticas<\/h2>\n<p>El pron\u00f3stico para este\u00a0<strong>mi\u00e9rcoles 15 de marzo<\/strong>, a trav\u00e9s de la p\u00e1gina oficial de\u00a0<em>Contingencias Clim\u00e1ticas<\/em>\u00a0de la provincia, indica un d\u00eda \u00abparcialmente nublado con\u00a0<strong>tormentas aisladas hacia la noche y poco cambio de la temperatura<\/strong>, vientos moderados del sudeste\u00bb. La temperatura\u00a0<strong>m\u00e1xima<\/strong>\u00a0alcanzar\u00eda los\u00a0<strong>32\u00baC<\/strong>\u00a0y la\u00a0<strong>m\u00ednima<\/strong>\u00a0ser\u00eda de\u00a0<strong>19\u00baC<\/strong>.<\/p>\n<p>En la continuidad de la semana, para este jueves se espera \u00abnubosidad variable con poco cambio de la temperatura, vientos leves del noreste\u00bb. Una m\u00e1xima de 33\u00baC y una m\u00ednima de 20\u00baC.<\/p>\n<p>Para el viernes, Contingencias anticipa un moderado descenso de la temperatura y \u00abcubierto a parcial nublado\u00bb m\u00e1s vientos moderados del sudeste. \u00abInestable en las primeras horas. Ingreso de frente fr\u00edo,\u00bb agrega. Con una m\u00e1xima de 26 grados por una m\u00ednima de 18\u00baC.<\/p>\n<h2>Pron\u00f3stico del tiempo en Mendoza extendido<\/h2>\n<ul>\n<li><strong>Jueves\u00a0<\/strong><strong>16 de marzo:\u00a0<\/strong>Nubosidad variable con poco cambio de la temperatura, vientos leves del noreste. M\u00e1xima: 33\u00baC M\u00ednima: 20\u00baC.<\/li>\n<li><strong>Viernes\u00a0<\/strong><strong>17 de marzo:\u00a0<\/strong>Cubierto a parcial nublado con moderado descenso de la temperatura, vientos moderados del sudeste. Inestable en las primeras horas. Ingreso de frente fr\u00ed\u00ado. M\u00e1xima: 26\u00baC M\u00ednima: 18\u00baC.<\/li>\n<li><strong>S\u00e1bado\u00a0<\/strong><strong>18 de marzo:\u00a0<\/strong>Tiempo bueno con ascenso de la temperatura, vientos leves del noreste. M\u00e1xima: 26\u00baC M\u00ednima: 16\u00baC.<\/li>\n<li><strong>Domingo\u00a0<\/strong><strong>19 de marzo:\u00a0<\/strong>Tiempo bueno con ascenso de la temperatura, vientos moderados del sudeste. M\u00e1xima: 30\u00baC M\u00ednima: 15\u00baC.<\/li>\n<\/ul>\n","protected":false},"excerpt":{"rendered":"<p>Mendoza\u00a0se encuentra este mi\u00e9rcoles bajo\u00a0alerta amarilla por tormentas de variada intensidad, que podr\u00e1n ser acompa\u00f1adas de intensas r\u00e1fagas y\u00a0ocasional ca\u00edda de &#8230;<\/p>\n","protected":false},"author":7,"featured_media":64705,"comment_status":"open","ping_status":"open","sticky":false,"template":"","format":"standard","meta":{"footnotes":""},"categories":[5,17],"tags":[],"class_list":["post-119709","post","type-post","status-publish","format-standard","has-post-thumbnail","hentry","category-actualidad","category-clima"],"_links":{"self":[{"href":"https:\/\/vinasfm.com\/noticias\/wp-json\/wp\/v2\/posts\/119709","targetHints":{"allow":["GET"]}}],"collection":[{"href":"https:\/\/vinasfm.com\/noticias\/wp-json\/wp\/v2\/posts"}],"about":[{"href":"https:\/\/vinasfm.com\/noticias\/wp-json\/wp\/v2\/types\/post"}],"author":[{"embeddable":true,"href":"https:\/\/vinasfm.com\/noticias\/wp-json\/wp\/v2\/users\/7"}],"replies":[{"embeddable":true,"href":"https:\/\/vinasfm.com\/noticias\/wp-json\/wp\/v2\/comments?post=119709"}],"version-history":[{"count":1,"href":"https:\/\/vinasfm.com\/noticias\/wp-json\/wp\/v2\/posts\/119709\/revisions"}],"predecessor-version":[{"id":119710,"href":"https:\/\/vinasfm.com\/noticias\/wp-json\/wp\/v2\/posts\/119709\/revisions\/119710"}],"wp:featuredmedia":[{"embeddable":true,"href":"https:\/\/vinasfm.com\/noticias\/wp-json\/wp\/v2\/media\/64705"}],"wp:attachment":[{"href":"https:\/\/vinasfm.com\/noticias\/wp-json\/wp\/v2\/media?parent=119709"}],"wp:term":[{"taxonomy":"category","embeddable":true,"href":"https:\/\/vinasfm.com\/noticias\/wp-json\/wp\/v2\/categories?post=119709"},{"taxonomy":"post_tag","embeddable":true,"href":"https:\/\/vinasfm.com\/noticias\/wp-json\/wp\/v2\/tags?post=119709"}],"curies":[{"name":"wp","href":"https:\/\/api.w.org\/{rel}","templated":true}]}}