{"id":119694,"date":"2023-03-15T09:01:35","date_gmt":"2023-03-15T12:01:35","guid":{"rendered":"https:\/\/vinasfm.com\/noticias\/?p=119694"},"modified":"2023-03-16T08:47:20","modified_gmt":"2023-03-16T11:47:20","slug":"la-legislatura-de-mendoza-aprobo-el-proyecto-que-pretende-el-saneamiento-de-osep","status":"publish","type":"post","link":"https:\/\/vinasfm.com\/noticias\/la-legislatura-de-mendoza-aprobo-el-proyecto-que-pretende-el-saneamiento-de-osep\/","title":{"rendered":"LA LEGISLATURA DE MENDOZA APROB\u00d3 EL PROYECTO QUE PRETENDE EL SANEAMIENTO DE OSEP"},"content":{"rendered":"<h4 class=\"note__epigraph\">Durante la jornada del martes, la legislatura aprob\u00f3 el proyecto de ley que aumenta los aportes a OSEP<\/h4>\n<p><strong>La legislatura aprob\u00f3 el proyecto del oficialismo para sanear la Obra Social de los Empleados P\u00fablicos de Mendoza<\/strong>. La iniciativa busca solucionar la crisis financiera que OSEP, con un d\u00e9ficit cercano al 5% en el \u00faltimo a\u00f1o y una deuda de alrededor de 6.000 millones de pesos.<\/p>\n<p>La propuesta hab\u00eda sido aprobada en la C\u00e1mara de Diputados el pasado 1\u00b0 de marzo, en medio del apag\u00f3n el\u00e9ctrico que afect\u00f3 a distintas provinciales del pa\u00eds, incluida Mendoza. Esto demor\u00f3 la sesi\u00f3n, pero tras un cuarto intermedio, el proyecto fue votado, con 28 legisladores a favor y 18 en contra.<\/p>\n<p>Este martes lleg\u00f3 la hora de tratar el proyecto en el Senado de Mendoza, quien tuvo el dictamen final.\u00a0<strong>La iniciativa fue aprobada con 23 votos a favor y 12 en contra.<\/strong><\/p>\n<p>Con esta norma, que plantea un nuevo esquema de aportes para los afiliados, el gobierno busca solucionar la crisis financiera que atraviesa la obra social, con un\u00a0<strong>d\u00e9ficit cercano al 5% en el \u00faltimo a\u00f1o y una deuda de alrededor de 6.000 millones de pesos<\/strong>.<\/p>\n<p>De esta forma, y seg\u00fan lo que establece el proyecto, se\u00a0<strong>modificar\u00eda el esquema de aportes mensuales<\/strong>\u00a0al fondo de enfermedades catastr\u00f3ficas que realizan los estatales.<\/p>\n<p>Seg\u00fan la informaci\u00f3n que brindaron las autoridades, se estima que<strong>\u00a0los nuevos descuentos se vean reflejados reci\u00e9n en los bonos de sueldo del mes de abril p<\/strong>ara aquellos empleados p\u00fablicos que est\u00e1n afiliados a la obra social.<\/p>\n<p>El jefe de bloque del Frente de Todos,<strong>\u00a0Lucas Illardo<\/strong>\u00a0se refiri\u00f3 a la aprobaci\u00f3n de la norma y responsabiliz\u00f3 al Gobernador, Rodolfo Su\u00e1rez, del estado actual de\u00a0<strong>OSEP<\/strong>.<\/p>\n","protected":false},"excerpt":{"rendered":"<p>Durante la jornada del martes, la legislatura aprob\u00f3 el proyecto de ley que aumenta los aportes a OSEP La legislatura aprob\u00f3 &#8230;<\/p>\n","protected":false},"author":7,"featured_media":7093,"comment_status":"open","ping_status":"open","sticky":false,"template":"","format":"standard","meta":{"footnotes":""},"categories":[5,10],"tags":[],"class_list":["post-119694","post","type-post","status-publish","format-standard","has-post-thumbnail","hentry","category-actualidad","category-destacadas"],"_links":{"self":[{"href":"https:\/\/vinasfm.com\/noticias\/wp-json\/wp\/v2\/posts\/119694","targetHints":{"allow":["GET"]}}],"collection":[{"href":"https:\/\/vinasfm.com\/noticias\/wp-json\/wp\/v2\/posts"}],"about":[{"href":"https:\/\/vinasfm.com\/noticias\/wp-json\/wp\/v2\/types\/post"}],"author":[{"embeddable":true,"href":"https:\/\/vinasfm.com\/noticias\/wp-json\/wp\/v2\/users\/7"}],"replies":[{"embeddable":true,"href":"https:\/\/vinasfm.com\/noticias\/wp-json\/wp\/v2\/comments?post=119694"}],"version-history":[{"count":1,"href":"https:\/\/vinasfm.com\/noticias\/wp-json\/wp\/v2\/posts\/119694\/revisions"}],"predecessor-version":[{"id":119695,"href":"https:\/\/vinasfm.com\/noticias\/wp-json\/wp\/v2\/posts\/119694\/revisions\/119695"}],"wp:featuredmedia":[{"embeddable":true,"href":"https:\/\/vinasfm.com\/noticias\/wp-json\/wp\/v2\/media\/7093"}],"wp:attachment":[{"href":"https:\/\/vinasfm.com\/noticias\/wp-json\/wp\/v2\/media?parent=119694"}],"wp:term":[{"taxonomy":"category","embeddable":true,"href":"https:\/\/vinasfm.com\/noticias\/wp-json\/wp\/v2\/categories?post=119694"},{"taxonomy":"post_tag","embeddable":true,"href":"https:\/\/vinasfm.com\/noticias\/wp-json\/wp\/v2\/tags?post=119694"}],"curies":[{"name":"wp","href":"https:\/\/api.w.org\/{rel}","templated":true}]}}