{"id":119684,"date":"2023-03-15T08:09:07","date_gmt":"2023-03-15T11:09:07","guid":{"rendered":"https:\/\/vinasfm.com\/noticias\/?p=119684"},"modified":"2023-03-16T08:30:31","modified_gmt":"2023-03-16T11:30:31","slug":"continuan-los-operativos-de-inscripciones-para-las-becas-progresar","status":"publish","type":"post","link":"https:\/\/vinasfm.com\/noticias\/continuan-los-operativos-de-inscripciones-para-las-becas-progresar\/","title":{"rendered":"CONTIN\u00daAN LOS OPERATIVOS DE INSCRIPCIONES PARA LAS BECAS PROGRESAR"},"content":{"rendered":"<h4><strong>Las inscripciones a la primera etapa son hasta el 31 de marzo en todo el pa\u00eds<\/strong><\/h4>\n<p>As\u00ed lo explico el Asesor de Juventud, Ni\u00f1ez y Adolescencia, Daniel Quiles:<em><strong> &#8216;Becas progresar es un programa de becas educativas que busca acompa\u00f1ar a todos los adolescentes y j\u00f3venes a lo largo de toda su trayectoria educativa en todos los niveles a trav\u00e9s de un incentivo econ\u00f3mico que por lo cual de esta manera busca fortalecer el ingreso, permanencia y egreso de todos los chicos y chicas no solo en el nivel superior si no tambi\u00e9n en diversas tecnicaturas y universidades incluso hasta en el \u00e1mbito laboral&#8217;\u00a0<\/strong><\/em><\/p>\n<p>Las becas progresar tiene tres etapas, la primera es la de inscripci\u00f3n, en la segunda etapa se certifica en la instituci\u00f3n educativa y ya en la tercera es donde deciden si te aceptan todos tus datos para poder obtener dicha beca. Por tal motivo el departamento esta realizando diferentes operativos en la ciudad.<\/p>\n<h2><strong>OPERATIVO MES DE MARZO<\/strong><\/h2>\n<p>Mi\u00e9rcoles: Bowen, Plaza Distrital, 18hs<\/p>\n<p>Jueves: Oeste, Plaza Distrital, 18hs<\/p>\n<p>Martes 21: San Pedro Atuel, Delegaci\u00f3n, 18hs<\/p>\n<p>&nbsp;<\/p>\n<p><a href=\"https:\/\/vinasfm.com\/noticias\/wp-content\/uploads\/2023\/03\/335613942_749484496670287_2228690391102391531_n.jpg\"><img loading=\"lazy\" decoding=\"async\" class=\" wp-image-119706 aligncenter\" src=\"https:\/\/vinasfm.com\/noticias\/wp-content\/uploads\/2023\/03\/335613942_749484496670287_2228690391102391531_n.jpg\" alt=\"\" width=\"511\" height=\"634\" srcset=\"https:\/\/vinasfm.com\/noticias\/wp-content\/uploads\/2023\/03\/335613942_749484496670287_2228690391102391531_n.jpg 640w, https:\/\/vinasfm.com\/noticias\/wp-content\/uploads\/2023\/03\/335613942_749484496670287_2228690391102391531_n-242x300.jpg 242w\" sizes=\"auto, (max-width: 511px) 100vw, 511px\" \/><\/a><\/p>\n","protected":false},"excerpt":{"rendered":"<p>Las inscripciones a la primera etapa son hasta el 31 de marzo en todo el pa\u00eds As\u00ed lo explico el Asesor &#8230;<\/p>\n","protected":false},"author":7,"featured_media":68188,"comment_status":"open","ping_status":"open","sticky":false,"template":"","format":"standard","meta":{"footnotes":""},"categories":[5,10],"tags":[],"class_list":["post-119684","post","type-post","status-publish","format-standard","has-post-thumbnail","hentry","category-actualidad","category-destacadas"],"_links":{"self":[{"href":"https:\/\/vinasfm.com\/noticias\/wp-json\/wp\/v2\/posts\/119684","targetHints":{"allow":["GET"]}}],"collection":[{"href":"https:\/\/vinasfm.com\/noticias\/wp-json\/wp\/v2\/posts"}],"about":[{"href":"https:\/\/vinasfm.com\/noticias\/wp-json\/wp\/v2\/types\/post"}],"author":[{"embeddable":true,"href":"https:\/\/vinasfm.com\/noticias\/wp-json\/wp\/v2\/users\/7"}],"replies":[{"embeddable":true,"href":"https:\/\/vinasfm.com\/noticias\/wp-json\/wp\/v2\/comments?post=119684"}],"version-history":[{"count":3,"href":"https:\/\/vinasfm.com\/noticias\/wp-json\/wp\/v2\/posts\/119684\/revisions"}],"predecessor-version":[{"id":119707,"href":"https:\/\/vinasfm.com\/noticias\/wp-json\/wp\/v2\/posts\/119684\/revisions\/119707"}],"wp:featuredmedia":[{"embeddable":true,"href":"https:\/\/vinasfm.com\/noticias\/wp-json\/wp\/v2\/media\/68188"}],"wp:attachment":[{"href":"https:\/\/vinasfm.com\/noticias\/wp-json\/wp\/v2\/media?parent=119684"}],"wp:term":[{"taxonomy":"category","embeddable":true,"href":"https:\/\/vinasfm.com\/noticias\/wp-json\/wp\/v2\/categories?post=119684"},{"taxonomy":"post_tag","embeddable":true,"href":"https:\/\/vinasfm.com\/noticias\/wp-json\/wp\/v2\/tags?post=119684"}],"curies":[{"name":"wp","href":"https:\/\/api.w.org\/{rel}","templated":true}]}}