{"id":119678,"date":"2023-03-15T07:43:42","date_gmt":"2023-03-15T10:43:42","guid":{"rendered":"https:\/\/vinasfm.com\/noticias\/?p=119678"},"modified":"2023-03-15T10:16:19","modified_gmt":"2023-03-15T13:16:19","slug":"el-intendente-mantuvo-una-reunion-con-la-presidenta-del-inti","status":"publish","type":"post","link":"https:\/\/vinasfm.com\/noticias\/el-intendente-mantuvo-una-reunion-con-la-presidenta-del-inti\/","title":{"rendered":"EL INTENDENTE MANTUVO UNA REUNI\u00d3N CON LA PRESIDENTA DEL INTI"},"content":{"rendered":"<h4><strong>Con el objetivo de reeditar el convenio de cooperaci\u00f3n entre el INTI y la Municipalidad de General Alvear, en pos de beneficiar a UGACOOP, el intendente Walther Marcolini se reuni\u00f3 con la Presidente del INTI, Sandra Mayol<\/strong><\/h4>\n<p><em><strong>\u201cEl objetivo es poner en marcha nuevamente las actividades en UGACOOP y abrir en el departamento una ventanilla de servicio INTI, que ser\u00eda un paso fundamental para el departamento\u201d<\/strong><\/em> asegur\u00f3 el Jefe Comunal, tras su reuni\u00f3n con la titular del Instituto Nacional de Tecnolog\u00eda Industrial(INTI).<\/p>\n<p>En 65 a\u00f1os, el INTI tiene la misi\u00f3n de contribuir al desarrollo de la industria a trav\u00e9s de la generaci\u00f3n y la transferencia de tecnolog\u00eda, la certificaci\u00f3n de procesos, productos y personas, y el aseguramiento de la calidad de los bienes y servicios producidos en todo el pa\u00eds. En su etapa inicial, UGACOOP cont\u00f3 con el INTI como socio: <em><strong>\u201cEstamos reeditando eso, la posibilidad de una participaci\u00f3n real, efectiva, del INTI en UGACOOP, pero algo m\u00e1s, que es tener esta ventanilla de servicio, que vincule a este organismo nacional con las PyMes, y nuestras empresas, para llevar soluciones a las demandas que las empresas locales tienen\u201d<\/strong><\/em>.<\/p>\n<p>Por otro lado se trat\u00f3 la posibilidad de que los alumnos de UGACOOP puedan realizar recorridos en el INTI, llevando adelante un trabajo de inmersi\u00f3n de varios d\u00edas donde visualicen el trabajo que desarrollan en sus diferentes laboratorios.<\/p>\n","protected":false},"excerpt":{"rendered":"<p>Con el objetivo de reeditar el convenio de cooperaci\u00f3n entre el INTI y la Municipalidad de General Alvear, en pos de &#8230;<\/p>\n","protected":false},"author":7,"featured_media":119679,"comment_status":"open","ping_status":"open","sticky":false,"template":"","format":"standard","meta":{"footnotes":""},"categories":[5,10],"tags":[],"class_list":["post-119678","post","type-post","status-publish","format-standard","has-post-thumbnail","hentry","category-actualidad","category-destacadas"],"_links":{"self":[{"href":"https:\/\/vinasfm.com\/noticias\/wp-json\/wp\/v2\/posts\/119678","targetHints":{"allow":["GET"]}}],"collection":[{"href":"https:\/\/vinasfm.com\/noticias\/wp-json\/wp\/v2\/posts"}],"about":[{"href":"https:\/\/vinasfm.com\/noticias\/wp-json\/wp\/v2\/types\/post"}],"author":[{"embeddable":true,"href":"https:\/\/vinasfm.com\/noticias\/wp-json\/wp\/v2\/users\/7"}],"replies":[{"embeddable":true,"href":"https:\/\/vinasfm.com\/noticias\/wp-json\/wp\/v2\/comments?post=119678"}],"version-history":[{"count":1,"href":"https:\/\/vinasfm.com\/noticias\/wp-json\/wp\/v2\/posts\/119678\/revisions"}],"predecessor-version":[{"id":119680,"href":"https:\/\/vinasfm.com\/noticias\/wp-json\/wp\/v2\/posts\/119678\/revisions\/119680"}],"wp:featuredmedia":[{"embeddable":true,"href":"https:\/\/vinasfm.com\/noticias\/wp-json\/wp\/v2\/media\/119679"}],"wp:attachment":[{"href":"https:\/\/vinasfm.com\/noticias\/wp-json\/wp\/v2\/media?parent=119678"}],"wp:term":[{"taxonomy":"category","embeddable":true,"href":"https:\/\/vinasfm.com\/noticias\/wp-json\/wp\/v2\/categories?post=119678"},{"taxonomy":"post_tag","embeddable":true,"href":"https:\/\/vinasfm.com\/noticias\/wp-json\/wp\/v2\/tags?post=119678"}],"curies":[{"name":"wp","href":"https:\/\/api.w.org\/{rel}","templated":true}]}}