{"id":119549,"date":"2023-03-10T09:49:44","date_gmt":"2023-03-10T12:49:44","guid":{"rendered":"https:\/\/vinasfm.com\/noticias\/?p=119549"},"modified":"2023-03-13T09:18:38","modified_gmt":"2023-03-13T12:18:38","slug":"otro-accidente-en-el-microcentro","status":"publish","type":"post","link":"https:\/\/vinasfm.com\/noticias\/otro-accidente-en-el-microcentro\/","title":{"rendered":"OTRO ACCIDENTE EN EL MICROCENTRO"},"content":{"rendered":"<p><strong>Un nuevo accidente se produjo el d\u00eda de ayer en la intersecci\u00f3n de Avenida Alvear Oeste y Olascoaga.<\/strong><\/p>\n<p>El hecho se produjo al rededor de las 20:00 horas, cuando el m\u00f3vil de CTC se trasladaba por Avenida Alvear Oeste y fue impactado por un veh\u00edculo, conducido por una mujer, que sal\u00eda de calle Olascoaga.<\/p>\n<p>Afortunadamente no hubo heridos.<\/p>\n<p><a href=\"https:\/\/vinasfm.com\/noticias\/wp-content\/uploads\/2023\/03\/331502923_5765489720226539_8513256499750172172_n.jpg\"><img loading=\"lazy\" decoding=\"async\" class=\"wp-image-119552 aligncenter\" src=\"https:\/\/vinasfm.com\/noticias\/wp-content\/uploads\/2023\/03\/331502923_5765489720226539_8513256499750172172_n.jpg\" alt=\"\" width=\"517\" height=\"388\" srcset=\"https:\/\/vinasfm.com\/noticias\/wp-content\/uploads\/2023\/03\/331502923_5765489720226539_8513256499750172172_n.jpg 1024w, https:\/\/vinasfm.com\/noticias\/wp-content\/uploads\/2023\/03\/331502923_5765489720226539_8513256499750172172_n-300x225.jpg 300w, https:\/\/vinasfm.com\/noticias\/wp-content\/uploads\/2023\/03\/331502923_5765489720226539_8513256499750172172_n-768x576.jpg 768w\" sizes=\"auto, (max-width: 517px) 100vw, 517px\" \/><\/a> <a href=\"https:\/\/vinasfm.com\/noticias\/wp-content\/uploads\/2023\/03\/331553173_547006127500610_845624991219202713_n.jpg\"><img loading=\"lazy\" decoding=\"async\" class=\"wp-image-119553 aligncenter\" src=\"https:\/\/vinasfm.com\/noticias\/wp-content\/uploads\/2023\/03\/331553173_547006127500610_845624991219202713_n.jpg\" alt=\"\" width=\"518\" height=\"388\" srcset=\"https:\/\/vinasfm.com\/noticias\/wp-content\/uploads\/2023\/03\/331553173_547006127500610_845624991219202713_n.jpg 1024w, https:\/\/vinasfm.com\/noticias\/wp-content\/uploads\/2023\/03\/331553173_547006127500610_845624991219202713_n-300x225.jpg 300w, https:\/\/vinasfm.com\/noticias\/wp-content\/uploads\/2023\/03\/331553173_547006127500610_845624991219202713_n-768x576.jpg 768w\" sizes=\"auto, (max-width: 518px) 100vw, 518px\" \/><\/a><\/p>\n","protected":false},"excerpt":{"rendered":"<p>Un nuevo accidente se produjo el d\u00eda de ayer en la intersecci\u00f3n de Avenida Alvear Oeste y Olascoaga. El hecho se &#8230;<\/p>\n","protected":false},"author":7,"featured_media":119550,"comment_status":"open","ping_status":"open","sticky":false,"template":"","format":"standard","meta":{"footnotes":""},"categories":[5,184],"tags":[],"class_list":["post-119549","post","type-post","status-publish","format-standard","has-post-thumbnail","hentry","category-actualidad","category-siniestro-vial"],"_links":{"self":[{"href":"https:\/\/vinasfm.com\/noticias\/wp-json\/wp\/v2\/posts\/119549","targetHints":{"allow":["GET"]}}],"collection":[{"href":"https:\/\/vinasfm.com\/noticias\/wp-json\/wp\/v2\/posts"}],"about":[{"href":"https:\/\/vinasfm.com\/noticias\/wp-json\/wp\/v2\/types\/post"}],"author":[{"embeddable":true,"href":"https:\/\/vinasfm.com\/noticias\/wp-json\/wp\/v2\/users\/7"}],"replies":[{"embeddable":true,"href":"https:\/\/vinasfm.com\/noticias\/wp-json\/wp\/v2\/comments?post=119549"}],"version-history":[{"count":1,"href":"https:\/\/vinasfm.com\/noticias\/wp-json\/wp\/v2\/posts\/119549\/revisions"}],"predecessor-version":[{"id":119554,"href":"https:\/\/vinasfm.com\/noticias\/wp-json\/wp\/v2\/posts\/119549\/revisions\/119554"}],"wp:featuredmedia":[{"embeddable":true,"href":"https:\/\/vinasfm.com\/noticias\/wp-json\/wp\/v2\/media\/119550"}],"wp:attachment":[{"href":"https:\/\/vinasfm.com\/noticias\/wp-json\/wp\/v2\/media?parent=119549"}],"wp:term":[{"taxonomy":"category","embeddable":true,"href":"https:\/\/vinasfm.com\/noticias\/wp-json\/wp\/v2\/categories?post=119549"},{"taxonomy":"post_tag","embeddable":true,"href":"https:\/\/vinasfm.com\/noticias\/wp-json\/wp\/v2\/tags?post=119549"}],"curies":[{"name":"wp","href":"https:\/\/api.w.org\/{rel}","templated":true}]}}