{"id":119513,"date":"2023-03-10T08:03:52","date_gmt":"2023-03-10T11:03:52","guid":{"rendered":"https:\/\/vinasfm.com\/noticias\/?p=119513"},"modified":"2023-03-11T11:45:11","modified_gmt":"2023-03-11T14:45:11","slug":"la-bodega-jorge-rubio-presente-en-nueva-york","status":"publish","type":"post","link":"https:\/\/vinasfm.com\/noticias\/la-bodega-jorge-rubio-presente-en-nueva-york\/","title":{"rendered":"LA BODEGA JORGE RUBIO PRESENTE EN NUEVA YORK"},"content":{"rendered":"<p><strong>La destacada bodega Jorge Rubio dijo presente en una nueva edici\u00f3n de VINEXPO America.<\/strong><\/p>\n<p><a href=\"https:\/\/www.vinexpoamerica.com\/\" target=\"_blank\" rel=\"noopener\">Vinexpo America<\/a> es un de las ferias m\u00e1s importantes del mundo. La feria se centra exclusivamente <span class=\"Y2IQFc\" lang=\"es\">en los vinos, con representaci\u00f3n de todas las regiones productoras m\u00e1s importantes del mundo. En la anterior edici\u00f3n de esta feria, y a\u00fan con ciertas restricciones sanitarias, estuvieron presente m\u00e1s de 2.000 profesionales del vino y las bebidas espirituosas.<\/span><\/p>\n<p>El evento se llev\u00f3 a cabo los d\u00edas 8 y 9 de marzo en el reconocido Jacob K. Javits Convention Center de Nueva York.<\/p>\n<p><img loading=\"lazy\" decoding=\"async\" class=\"wp-image-119516 alignnone\" src=\"https:\/\/vinasfm.com\/noticias\/wp-content\/uploads\/2023\/03\/WhatsApp-Image-2023-03-09-at-11.53.49.jpeg\" alt=\"Jorge Rubio\" width=\"568\" height=\"546\" srcset=\"https:\/\/vinasfm.com\/noticias\/wp-content\/uploads\/2023\/03\/WhatsApp-Image-2023-03-09-at-11.53.49.jpeg 1200w, https:\/\/vinasfm.com\/noticias\/wp-content\/uploads\/2023\/03\/WhatsApp-Image-2023-03-09-at-11.53.49-300x288.jpeg 300w, https:\/\/vinasfm.com\/noticias\/wp-content\/uploads\/2023\/03\/WhatsApp-Image-2023-03-09-at-11.53.49-1024x984.jpeg 1024w, https:\/\/vinasfm.com\/noticias\/wp-content\/uploads\/2023\/03\/WhatsApp-Image-2023-03-09-at-11.53.49-768x738.jpeg 768w\" sizes=\"auto, (max-width: 568px) 100vw, 568px\" \/><\/p>\n<p>Desde F.M VI\u00d1AS felicitamos y celebramos a Bodega Jorge Rubio por su destacada presencia e impecable representaci\u00f3n de los vinos argentinos en todo el mundo.<\/p>\n<h6>G. Vallejos.<\/h6>\n","protected":false},"excerpt":{"rendered":"<p>La destacada bodega Jorge Rubio dijo presente en una nueva edici\u00f3n de VINEXPO America. Vinexpo America es un de las ferias &#8230;<\/p>\n","protected":false},"author":7,"featured_media":119515,"comment_status":"open","ping_status":"open","sticky":false,"template":"","format":"standard","meta":{"footnotes":""},"categories":[5,10],"tags":[],"class_list":["post-119513","post","type-post","status-publish","format-standard","has-post-thumbnail","hentry","category-actualidad","category-destacadas"],"_links":{"self":[{"href":"https:\/\/vinasfm.com\/noticias\/wp-json\/wp\/v2\/posts\/119513","targetHints":{"allow":["GET"]}}],"collection":[{"href":"https:\/\/vinasfm.com\/noticias\/wp-json\/wp\/v2\/posts"}],"about":[{"href":"https:\/\/vinasfm.com\/noticias\/wp-json\/wp\/v2\/types\/post"}],"author":[{"embeddable":true,"href":"https:\/\/vinasfm.com\/noticias\/wp-json\/wp\/v2\/users\/7"}],"replies":[{"embeddable":true,"href":"https:\/\/vinasfm.com\/noticias\/wp-json\/wp\/v2\/comments?post=119513"}],"version-history":[{"count":6,"href":"https:\/\/vinasfm.com\/noticias\/wp-json\/wp\/v2\/posts\/119513\/revisions"}],"predecessor-version":[{"id":119582,"href":"https:\/\/vinasfm.com\/noticias\/wp-json\/wp\/v2\/posts\/119513\/revisions\/119582"}],"wp:featuredmedia":[{"embeddable":true,"href":"https:\/\/vinasfm.com\/noticias\/wp-json\/wp\/v2\/media\/119515"}],"wp:attachment":[{"href":"https:\/\/vinasfm.com\/noticias\/wp-json\/wp\/v2\/media?parent=119513"}],"wp:term":[{"taxonomy":"category","embeddable":true,"href":"https:\/\/vinasfm.com\/noticias\/wp-json\/wp\/v2\/categories?post=119513"},{"taxonomy":"post_tag","embeddable":true,"href":"https:\/\/vinasfm.com\/noticias\/wp-json\/wp\/v2\/tags?post=119513"}],"curies":[{"name":"wp","href":"https:\/\/api.w.org\/{rel}","templated":true}]}}