{"id":119473,"date":"2023-03-08T12:10:44","date_gmt":"2023-03-08T15:10:44","guid":{"rendered":"https:\/\/vinasfm.com\/noticias\/?p=119473"},"modified":"2023-03-08T12:10:44","modified_gmt":"2023-03-08T15:10:44","slug":"desde-el-partido-justicialista-invitan-a-participar-de-las-actividades-por-el-dia-de-la-mujer","status":"publish","type":"post","link":"https:\/\/vinasfm.com\/noticias\/desde-el-partido-justicialista-invitan-a-participar-de-las-actividades-por-el-dia-de-la-mujer\/","title":{"rendered":"Desde el Partido Justicialista invitan a participar de las actividades por el D\u00eda de la Mujer"},"content":{"rendered":"<h4><strong>Las actividades el PJ siguen el lema \u00abCamino a la Autonom\u00eda Econ\u00f3mica Plena\u00bb.<\/strong><\/h4>\n<p><em><strong>&#8216;Queremos recordar y reconocer a las mujeres que lucharon por un lugar e igualdad en los espacios laborales&#8217; e<\/strong><\/em>xpres\u00f3 Alejandra Fiasche y agreg\u00f3 &#8216;hemos denominado a marzo \u00abEl mes de la mujer trabajadora\u00bb. Las actividades iniciaron el pasado s\u00e1bado 4 de marzo en Bowen, el pr\u00f3ximo 11 del corriente estar\u00e1n presente en Carmensa y Alvear Oeste.<\/p>\n<p><a href=\"https:\/\/vinasfm.com\/noticias\/wp-content\/uploads\/2023\/03\/WhatsApp-Image-2023-03-08-at-09.58.53-1.jpeg\"><img loading=\"lazy\" decoding=\"async\" class=\"wp-image-119476 aligncenter\" src=\"https:\/\/vinasfm.com\/noticias\/wp-content\/uploads\/2023\/03\/WhatsApp-Image-2023-03-08-at-09.58.53-1.jpeg\" alt=\"\" width=\"570\" height=\"1013\" \/><\/a><\/p>\n<p>Por su parte, Valeria G\u00f3mez dio detalles del proyecto en el que est\u00e1n trabajando, denominado \u00abCiclo de lectura de mujeres transgresoras de la historia\u00bb. <strong><em>&#8216;Es un proyecto en el que tratamos de poner en valor a la mujer y la cultura. Se trata de una serie de videos que compartiremos en nuestras redes, proponemos a la sociedad que realicen un video contando sobre la lucha hist\u00f3rica que llev\u00f3 una mujer en especial los y las motive&#8217;.\u00a0<\/em><\/strong>El objetivo es poner en valor la importancia que tiene la cultura en las luchas hist\u00f3ricas.<\/p>\n<p>Tambi\u00e9n convocaron a artesanos y artesanas locales porque <em><strong>&#8216;el desarrollo econ\u00f3mico est\u00e1 presente en la agenda de las mujeres peronistas&#8217;.\u00a0<\/strong><\/em><\/p>\n<p>Desde las mujeres del peronismo local expresaron: <em><strong>&#8216;la lucha feminista, de forma particular u organizada, ha existido siempre. Si bien todav\u00eda hay much\u00edsimos derechos por conquistar hemos avanzado por eso, esta lucha que llevamos delante vale la pena concretarla&#8217;.\u00a0<\/strong><\/em><\/p>\n<p>&nbsp;<\/p>\n","protected":false},"excerpt":{"rendered":"<p>Las actividades el PJ siguen el lema \u00abCamino a la Autonom\u00eda Econ\u00f3mica Plena\u00bb. &#8216;Queremos recordar y reconocer a las mujeres que &#8230;<\/p>\n","protected":false},"author":7,"featured_media":119475,"comment_status":"open","ping_status":"open","sticky":false,"template":"","format":"standard","meta":{"footnotes":""},"categories":[1],"tags":[],"class_list":["post-119473","post","type-post","status-publish","format-standard","has-post-thumbnail","hentry","category-fmvinas"],"_links":{"self":[{"href":"https:\/\/vinasfm.com\/noticias\/wp-json\/wp\/v2\/posts\/119473","targetHints":{"allow":["GET"]}}],"collection":[{"href":"https:\/\/vinasfm.com\/noticias\/wp-json\/wp\/v2\/posts"}],"about":[{"href":"https:\/\/vinasfm.com\/noticias\/wp-json\/wp\/v2\/types\/post"}],"author":[{"embeddable":true,"href":"https:\/\/vinasfm.com\/noticias\/wp-json\/wp\/v2\/users\/7"}],"replies":[{"embeddable":true,"href":"https:\/\/vinasfm.com\/noticias\/wp-json\/wp\/v2\/comments?post=119473"}],"version-history":[{"count":2,"href":"https:\/\/vinasfm.com\/noticias\/wp-json\/wp\/v2\/posts\/119473\/revisions"}],"predecessor-version":[{"id":119477,"href":"https:\/\/vinasfm.com\/noticias\/wp-json\/wp\/v2\/posts\/119473\/revisions\/119477"}],"wp:featuredmedia":[{"embeddable":true,"href":"https:\/\/vinasfm.com\/noticias\/wp-json\/wp\/v2\/media\/119475"}],"wp:attachment":[{"href":"https:\/\/vinasfm.com\/noticias\/wp-json\/wp\/v2\/media?parent=119473"}],"wp:term":[{"taxonomy":"category","embeddable":true,"href":"https:\/\/vinasfm.com\/noticias\/wp-json\/wp\/v2\/categories?post=119473"},{"taxonomy":"post_tag","embeddable":true,"href":"https:\/\/vinasfm.com\/noticias\/wp-json\/wp\/v2\/tags?post=119473"}],"curies":[{"name":"wp","href":"https:\/\/api.w.org\/{rel}","templated":true}]}}