{"id":119465,"date":"2023-03-08T11:24:17","date_gmt":"2023-03-08T14:24:17","guid":{"rendered":"https:\/\/vinasfm.com\/noticias\/?p=119465"},"modified":"2023-03-10T08:37:36","modified_gmt":"2023-03-10T11:37:36","slug":"ultima-chance-unos-8-000-alumnos-secundarios-se-ponen-a-prueba-en-marzo-para-lograr-pasar-de-ano","status":"publish","type":"post","link":"https:\/\/vinasfm.com\/noticias\/ultima-chance-unos-8-000-alumnos-secundarios-se-ponen-a-prueba-en-marzo-para-lograr-pasar-de-ano\/","title":{"rendered":"\u00daltima chance: unos 8.000 alumnos secundarios se ponen a prueba en marzo para lograr pasar de a\u00f1o"},"content":{"rendered":"<p><strong>Se trata de estudiantes que adeudan hasta cinco materias. Matem\u00e1tica y Lengua, las \u00e1reas con mayor problem\u00e1tica.<\/strong><br \/>\nUnos 8.000 alumnos de Secundaria que adeudan hasta cinco materias computables\u00a0para poder pasar de a\u00f1o, iniciaron esta semana el periodo de<em>\u00a0\u201crecuperaci\u00f3n de saberes\u201d<\/em>. Tendr\u00e1n tiempo hasta finales de marzo para poder demostrar que adquirieron los conocimientos necesarios para promocionar.<\/p>\n<p>Emilio Moreno, director de Educaci\u00f3n Secundaria, se\u00f1al\u00f3 que los j\u00f3venes asisten a la escuela a contra turno, luego de que aceptaran formar parte del programa denominado \u201cTe acompa\u00f1amos en la recuperaci\u00f3n de saberes para la promoci\u00f3n al pr\u00f3ximo ciclo lectivo\u201d de la Direcci\u00f3n General de Escuelas (DGE) para escuelas p\u00fablicas.<\/p>\n<p>El tiempo previsto para esta instancia es de 4 semanas como m\u00e1ximo, salvo que el docente eval\u00fae que los aprendizajes adeudados por el estudiante se encuentran acreditados antes de cumplirse ese periodo.<\/p>\n<p>La mayor\u00eda de los chicos, que representan el 10% de la matr\u00edcula de Secundaria Orientada estatal, no lograron aprobar antes de diciembre del 2022 espacios curriculares como Matem\u00e1tica, Lengua, Ingl\u00e9s y Ciencias Naturales, Qu\u00edmica o F\u00edsica.<\/p>\n<p>En tanto,\u00a0los adolescentes que cursaron tercer a\u00f1o fueron los que mostraron mayor inconveniente a la hora de sacar las materias en tiempo y forma.<\/p>\n<p><strong><em>\u00bbHist\u00f3ricamente, era primer a\u00f1o el m\u00e1s complejo en cuanto a la adaptaci\u00f3n, pero estamos viendo que la dificultad m\u00e1s grande la est\u00e1n teniendo en tercero. Se da por la edad de los chicos y los cambios que se dan en esa etapa\u00bb<\/em><\/strong>, precis\u00f3 Moreno.<\/p>\n<p>Una de las condiciones para ser evaluados ser\u00e1 cumplir con el 80% de la asistencia a las clases de apoyo previstas para poder acceder a la evaluaci\u00f3n formativa y de acreditaci\u00f3n.<\/p>\n<p><strong><em>\u00bbLo importante del proceso es que se va evaluando constantemente y por eso es necesaria la asistencia. La carga horaria depende de la escuela, pero se les da de 2 a 4 horas c\u00e1tedras<\/em>, de acuerdo con el espacio curricular\u00bb<\/strong>, dijo el funcionario.<\/p>\n<p>En cuanto a las expectativas, la DGE pretende seguir con la tendencia positiva de los \u00faltimos a\u00f1os. <strong><em>\u00bbEstamos mejorando la promoci\u00f3n de tener una hist\u00f3rica del 70%, en el \u00faltimo a\u00f1o fue del 83%. Vamos por una peque\u00f1a mejora\u00bb<\/em><\/strong>, concluy\u00f3.<\/p>\n<aside class=\"scaip scaip-2 \">\n<div class=\"newspack_global_ad scaip-2 fixed-height\"><\/div>\n<\/aside>\n<p>&nbsp;<\/p>\n","protected":false},"excerpt":{"rendered":"<p>Se trata de estudiantes que adeudan hasta cinco materias. Matem\u00e1tica y Lengua, las \u00e1reas con mayor problem\u00e1tica. Unos 8.000 alumnos de &#8230;<\/p>\n","protected":false},"author":7,"featured_media":119469,"comment_status":"open","ping_status":"open","sticky":false,"template":"","format":"standard","meta":{"footnotes":""},"categories":[5,18],"tags":[],"class_list":["post-119465","post","type-post","status-publish","format-standard","has-post-thumbnail","hentry","category-actualidad","category-educacion"],"_links":{"self":[{"href":"https:\/\/vinasfm.com\/noticias\/wp-json\/wp\/v2\/posts\/119465","targetHints":{"allow":["GET"]}}],"collection":[{"href":"https:\/\/vinasfm.com\/noticias\/wp-json\/wp\/v2\/posts"}],"about":[{"href":"https:\/\/vinasfm.com\/noticias\/wp-json\/wp\/v2\/types\/post"}],"author":[{"embeddable":true,"href":"https:\/\/vinasfm.com\/noticias\/wp-json\/wp\/v2\/users\/7"}],"replies":[{"embeddable":true,"href":"https:\/\/vinasfm.com\/noticias\/wp-json\/wp\/v2\/comments?post=119465"}],"version-history":[{"count":3,"href":"https:\/\/vinasfm.com\/noticias\/wp-json\/wp\/v2\/posts\/119465\/revisions"}],"predecessor-version":[{"id":119526,"href":"https:\/\/vinasfm.com\/noticias\/wp-json\/wp\/v2\/posts\/119465\/revisions\/119526"}],"wp:featuredmedia":[{"embeddable":true,"href":"https:\/\/vinasfm.com\/noticias\/wp-json\/wp\/v2\/media\/119469"}],"wp:attachment":[{"href":"https:\/\/vinasfm.com\/noticias\/wp-json\/wp\/v2\/media?parent=119465"}],"wp:term":[{"taxonomy":"category","embeddable":true,"href":"https:\/\/vinasfm.com\/noticias\/wp-json\/wp\/v2\/categories?post=119465"},{"taxonomy":"post_tag","embeddable":true,"href":"https:\/\/vinasfm.com\/noticias\/wp-json\/wp\/v2\/tags?post=119465"}],"curies":[{"name":"wp","href":"https:\/\/api.w.org\/{rel}","templated":true}]}}