{"id":119383,"date":"2023-03-06T21:24:38","date_gmt":"2023-03-07T00:24:38","guid":{"rendered":"https:\/\/vinasfm.com\/noticias\/?p=119383"},"modified":"2023-03-07T10:27:59","modified_gmt":"2023-03-07T13:27:59","slug":"majstruck-confirmo-que-no-participara-de-las-elecciones-este-ano","status":"publish","type":"post","link":"https:\/\/vinasfm.com\/noticias\/majstruck-confirmo-que-no-participara-de-las-elecciones-este-ano\/","title":{"rendered":"Majstruck confirm\u00f3 que no participar\u00e1 de las elecciones este a\u00f1o."},"content":{"rendered":"<h4><strong>El pasado fin de semana, Gustavo Majstruck dio a conocer, por medio de un video en sus redes, que este a\u00f1o no formar\u00eda parte de la elecciones, confirmando que no ser\u00eda candidato. Raquel Yunes afirm\u00f3 que ya ten\u00edan conocimiento de la decisi\u00f3n.\u00a0<\/strong><\/h4>\n<p><em><strong>&#8216;Nos dijo que quer\u00eda ser \u00e9l quien trasmitiera el mensaje, por tal motivo no se mencion\u00f3 hasta que \u00e9l lo hizo&#8217;<\/strong> <\/em>expres\u00f3 Yunes.<em><strong> &#8216;Mucha gente estaba al pendiente de su decisi\u00f3n para esta estas elecciones. Intentamos hacerle cambiar de idea por distinta v\u00edas, pero era una elecci\u00f3n firmemente tomada&#8217;.<\/strong><\/em><\/p>\n<p>Hay que recordar que el 16 de enero de este a\u00f1o Majtruck sufri\u00f3 un Accidente Cardio Vascular y debi\u00f3 ser internado de urgencia, desde entonces su estado de salud preocup\u00f3 tanto a allegados como a una importante parte de los alvearenses.<\/p>\n<p>Su salida del a\u00f1o electoral crea un nuevo escenario para el justicialismo. La concejal argument\u00f3 que <em><strong>&#8216;desde varios partidos esperaban a Gustavo para alinearse detr\u00e1s de \u00e9l, pero ahora deber\u00e1n buscar otras opciones&#8217;.<\/strong><\/em> Tambi\u00e9n asegur\u00f3 que desde el <strong>\u00abBloque Encuentro\u00bb<\/strong> ya est\u00e1n en la b\u00fasqueda de personas que compartan los principios y apoyen al bloque. <strong><em>&#8216;Gustavo seguir\u00e1 detr\u00e1s pero no va a ser candidato&#8217;<\/em><\/strong> detall\u00f3.<\/p>\n<p>Por \u00faltimo confirm\u00f3 que si su opci\u00f3n B lo confirma y se define participar\u00e1n de las elecciones, de lo contrario buscar\u00e1n a qui\u00e9n darle su apoyo. <strong><em>&#8216;Nuestra opci\u00f3n no est\u00e1 participando activamente de la pol\u00edtica pero s\u00ed se alinea con lo que siempre hemos defendido&#8217;<\/em><\/strong> concluy\u00f3 Raquel Yunes.<\/p>\n","protected":false},"excerpt":{"rendered":"<p>El pasado fin de semana, Gustavo Majstruck dio a conocer, por medio de un video en sus redes, que este a\u00f1o &#8230;<\/p>\n","protected":false},"author":7,"featured_media":5538,"comment_status":"open","ping_status":"open","sticky":false,"template":"","format":"standard","meta":{"footnotes":""},"categories":[5,7],"tags":[],"class_list":["post-119383","post","type-post","status-publish","format-standard","has-post-thumbnail","hentry","category-actualidad","category-politica"],"_links":{"self":[{"href":"https:\/\/vinasfm.com\/noticias\/wp-json\/wp\/v2\/posts\/119383","targetHints":{"allow":["GET"]}}],"collection":[{"href":"https:\/\/vinasfm.com\/noticias\/wp-json\/wp\/v2\/posts"}],"about":[{"href":"https:\/\/vinasfm.com\/noticias\/wp-json\/wp\/v2\/types\/post"}],"author":[{"embeddable":true,"href":"https:\/\/vinasfm.com\/noticias\/wp-json\/wp\/v2\/users\/7"}],"replies":[{"embeddable":true,"href":"https:\/\/vinasfm.com\/noticias\/wp-json\/wp\/v2\/comments?post=119383"}],"version-history":[{"count":2,"href":"https:\/\/vinasfm.com\/noticias\/wp-json\/wp\/v2\/posts\/119383\/revisions"}],"predecessor-version":[{"id":119385,"href":"https:\/\/vinasfm.com\/noticias\/wp-json\/wp\/v2\/posts\/119383\/revisions\/119385"}],"wp:featuredmedia":[{"embeddable":true,"href":"https:\/\/vinasfm.com\/noticias\/wp-json\/wp\/v2\/media\/5538"}],"wp:attachment":[{"href":"https:\/\/vinasfm.com\/noticias\/wp-json\/wp\/v2\/media?parent=119383"}],"wp:term":[{"taxonomy":"category","embeddable":true,"href":"https:\/\/vinasfm.com\/noticias\/wp-json\/wp\/v2\/categories?post=119383"},{"taxonomy":"post_tag","embeddable":true,"href":"https:\/\/vinasfm.com\/noticias\/wp-json\/wp\/v2\/tags?post=119383"}],"curies":[{"name":"wp","href":"https:\/\/api.w.org\/{rel}","templated":true}]}}