{"id":119377,"date":"2023-03-06T10:57:10","date_gmt":"2023-03-06T13:57:10","guid":{"rendered":"https:\/\/vinasfm.com\/noticias\/?p=119377"},"modified":"2023-03-07T10:09:06","modified_gmt":"2023-03-07T13:09:06","slug":"el-gobierno-aprobo-us40-millones-del-bid-para-pequenos-productores-vitivinicolas","status":"publish","type":"post","link":"https:\/\/vinasfm.com\/noticias\/el-gobierno-aprobo-us40-millones-del-bid-para-pequenos-productores-vitivinicolas\/","title":{"rendered":"El gobierno aprob\u00f3 U$S 40 millones del BID para peque\u00f1os productores vitivin\u00edcolas"},"content":{"rendered":"<h4><strong>Fue con un decreto publicado este lunes en el Bolet\u00edn Oficial tal como lo adelant\u00f3 el ministro de Econom\u00eda, Sergio Massa, en el desayuno de la Coviar. La medida habilita la l\u00ednea crediticia en el marco del Proviar II.<\/strong><\/h4>\n<p>El Gobierno aprob\u00f3 el Modelo de Contrato de Pr\u00e9stamo del Banco Interamericano de Desarrollo (BID) por<b>\u00a0US$ 40 millones<\/b>\u00a0destinado a financiar parcialmente el Programa de Apoyo para Peque\u00f1os Productores Vitivin\u00edcolas de Argentina II (<b>Proviar II<\/b>), a trav\u00e9s del decreto 108\/2023 publicado este lunes en el Bolet\u00edn Oficial.<\/p>\n<p>En el marco de los festejos vendimiales, el ministro de Econom\u00eda,\u00a0<b>Sergio Massa, hab\u00eda anticipado en el desayuno de la Coviar<\/b>\u00a0, la medida\u00a0 que habilita la l\u00ednea crediticia por US$ 50 millones.<\/p>\n<p><strong><em>&#8216;El decreto habilita el pr\u00e9stamo de US$ 40 millones, con\u00a0un aporte del Estado nacional de US$ 10 millones, para la puesta en marcha del Proviar II, que es una enorme tarea para seguir multiplicando el trabajo del Estado y de los productores juntos&#8217;<\/em><\/strong>, se\u00f1al\u00f3 el ministro, al participar en Mendoza de un desayuno de la Corporaci\u00f3n Vitivin\u00edcola Argentina (Coviar).<\/p>\n<p><strong><em>&#8216;El objetivo general del Programa es contribuir a la sustentabilidad social, econ\u00f3mica y ambiental de la vitivinicultura argentina. Los objetivos espec\u00edficos son incrementar la adopci\u00f3n de tecnolog\u00edas de los peque\u00f1os y medianos productores vit\u00edcolas, priorizando la mejora de la eficiencia del uso de recursos h\u00eddricos. Adem\u00e1s,\u00a0incrementar la capacidad de comercializaci\u00f3n de peque\u00f1os y medianos establecimientos vitivin\u00edcolas; y fomentar la participaci\u00f3n de micro, peque\u00f1as y medianas empresas (mipymes) en la cadena vitivin\u00edcola, lideradas por j\u00f3venes y mujeres&#8217;<\/em><\/strong>, dice la normativa.<\/p>\n<p>El Programa se desarrollar\u00e1 a trav\u00e9s de la innovaci\u00f3n tecnol\u00f3gica y organizacional para la producci\u00f3n vit\u00edcola, que incluye asistencia t\u00e9cnica y capacitaci\u00f3n para peque\u00f1os, peque\u00f1as, medianos y medianas productoras y productores vit\u00edcolas, adem\u00e1s de infraestructura y capacidad operativa.<\/p>\n<p>Adem\u00e1s<b>\u00a0comprende un apoyo para la comercializaci\u00f3n de peque\u00f1os y medianos establecimientos vitivin\u00edcolas<\/b>, con asistencia t\u00e9cnica, infraestructura y capacidad operativa para grupos asociativos de comercializaci\u00f3n.<\/p>\n<p>Por otra parte,<b>\u00a0el Proviar II dar\u00e1 apoyo a micro, peque\u00f1as y medianas empresas lideradas por j\u00f3venes y mujeres<\/b>, con asistencia t\u00e9cnica, infraestructura y capacidad operativa para el fortalecimiento del arraigo rural.<\/p>\n","protected":false},"excerpt":{"rendered":"<p>Fue con un decreto publicado este lunes en el Bolet\u00edn Oficial tal como lo adelant\u00f3 el ministro de Econom\u00eda, Sergio Massa, &#8230;<\/p>\n","protected":false},"author":7,"featured_media":119378,"comment_status":"open","ping_status":"open","sticky":false,"template":"","format":"standard","meta":{"footnotes":""},"categories":[5,10],"tags":[],"class_list":["post-119377","post","type-post","status-publish","format-standard","has-post-thumbnail","hentry","category-actualidad","category-destacadas"],"_links":{"self":[{"href":"https:\/\/vinasfm.com\/noticias\/wp-json\/wp\/v2\/posts\/119377","targetHints":{"allow":["GET"]}}],"collection":[{"href":"https:\/\/vinasfm.com\/noticias\/wp-json\/wp\/v2\/posts"}],"about":[{"href":"https:\/\/vinasfm.com\/noticias\/wp-json\/wp\/v2\/types\/post"}],"author":[{"embeddable":true,"href":"https:\/\/vinasfm.com\/noticias\/wp-json\/wp\/v2\/users\/7"}],"replies":[{"embeddable":true,"href":"https:\/\/vinasfm.com\/noticias\/wp-json\/wp\/v2\/comments?post=119377"}],"version-history":[{"count":2,"href":"https:\/\/vinasfm.com\/noticias\/wp-json\/wp\/v2\/posts\/119377\/revisions"}],"predecessor-version":[{"id":119417,"href":"https:\/\/vinasfm.com\/noticias\/wp-json\/wp\/v2\/posts\/119377\/revisions\/119417"}],"wp:featuredmedia":[{"embeddable":true,"href":"https:\/\/vinasfm.com\/noticias\/wp-json\/wp\/v2\/media\/119378"}],"wp:attachment":[{"href":"https:\/\/vinasfm.com\/noticias\/wp-json\/wp\/v2\/media?parent=119377"}],"wp:term":[{"taxonomy":"category","embeddable":true,"href":"https:\/\/vinasfm.com\/noticias\/wp-json\/wp\/v2\/categories?post=119377"},{"taxonomy":"post_tag","embeddable":true,"href":"https:\/\/vinasfm.com\/noticias\/wp-json\/wp\/v2\/tags?post=119377"}],"curies":[{"name":"wp","href":"https:\/\/api.w.org\/{rel}","templated":true}]}}