{"id":119354,"date":"2023-03-06T08:40:13","date_gmt":"2023-03-06T11:40:13","guid":{"rendered":"https:\/\/vinasfm.com\/noticias\/?p=119354"},"modified":"2023-03-07T08:51:26","modified_gmt":"2023-03-07T11:51:26","slug":"sigue-la-alerta-amarilla-por-tormentas-en-mendoza-a-que-hora-y-en-que-zonas","status":"publish","type":"post","link":"https:\/\/vinasfm.com\/noticias\/sigue-la-alerta-amarilla-por-tormentas-en-mendoza-a-que-hora-y-en-que-zonas\/","title":{"rendered":"Sigue la alerta amarilla por tormentas en Mendoza: a qu\u00e9 hora y en qu\u00e9 zonas"},"content":{"rendered":"<h4><strong>La del lunes\u00a0ser\u00e1 en\u00a0Mendoza\u00a0otra jornada caracterizada por\u00a0precipitaciones y mucha humedad.<\/strong><\/h4>\n<p>La<b>\u00a0Direcci\u00f3n de Agricultura y Contingencias Clim\u00e1ticas<\/b>\u00a0anunci\u00f3 en su\u00a0<b>pron\u00f3stico\u00a0<\/b>para hoy, lunes 6: <strong><em>&#8216;Parcialmente nublado con descenso de la temperatura, vientos leves del noreste.<\/em> Tormentas aisladas a lo largo del d\u00eda&#8217;.<\/strong> Se indic\u00f3, adem\u00e1s, que las mejoras suceder\u00e1n en horas de la noche. La m\u00e1xima para esta tarde ser\u00e1 de <b>33\u00b0C.<\/b><\/p>\n<p>El Servicio Meteorol\u00f3gico Nacional emiti\u00f3 una <b>alerta amarilla\u00a0<\/b>por tormentas, especialmente en<b>\u00a0toda la zona Este, San Rafael y General Alvear.<\/b><\/p>\n<p><em><strong>&#8216;El \u00e1rea ser\u00e1 afectada por tormentas, algunas localmente fuertes. Las mismas podr\u00e1n estar acompa\u00f1adas por intensas r\u00e1fagas, importante actividad el\u00e9ctrica, ocasional ca\u00edda de granizo y abundante ca\u00edda de agua en cortos per\u00edodos. Se esperan valores de precipitaci\u00f3n acumulada entre 25 y 45 mm, pudiendo ser superados en forma puntual&#8217;<\/strong><\/em>, indic\u00f3.<\/p>\n<p>Para el\u00a0<b>martes\u00a0<\/b>se espera cielo parcialmente nublado durante la tarde, con la probabilidad de tormentas aisladas en la noche. La m\u00ednima ser\u00e1 de 19\u00b0C, mientras que la m\u00e1xima llegar\u00e1 a los<b>\u00a031\u00b0C.<\/b><\/p>\n<p>&nbsp;<\/p>\n","protected":false},"excerpt":{"rendered":"<p>La del lunes\u00a0ser\u00e1 en\u00a0Mendoza\u00a0otra jornada caracterizada por\u00a0precipitaciones y mucha humedad. La\u00a0Direcci\u00f3n de Agricultura y Contingencias Clim\u00e1ticas\u00a0anunci\u00f3 en su\u00a0pron\u00f3stico\u00a0para hoy, lunes 6: &#8230;<\/p>\n","protected":false},"author":7,"featured_media":51400,"comment_status":"open","ping_status":"open","sticky":false,"template":"","format":"standard","meta":{"footnotes":""},"categories":[5,17],"tags":[],"class_list":["post-119354","post","type-post","status-publish","format-standard","has-post-thumbnail","hentry","category-actualidad","category-clima"],"_links":{"self":[{"href":"https:\/\/vinasfm.com\/noticias\/wp-json\/wp\/v2\/posts\/119354","targetHints":{"allow":["GET"]}}],"collection":[{"href":"https:\/\/vinasfm.com\/noticias\/wp-json\/wp\/v2\/posts"}],"about":[{"href":"https:\/\/vinasfm.com\/noticias\/wp-json\/wp\/v2\/types\/post"}],"author":[{"embeddable":true,"href":"https:\/\/vinasfm.com\/noticias\/wp-json\/wp\/v2\/users\/7"}],"replies":[{"embeddable":true,"href":"https:\/\/vinasfm.com\/noticias\/wp-json\/wp\/v2\/comments?post=119354"}],"version-history":[{"count":1,"href":"https:\/\/vinasfm.com\/noticias\/wp-json\/wp\/v2\/posts\/119354\/revisions"}],"predecessor-version":[{"id":119355,"href":"https:\/\/vinasfm.com\/noticias\/wp-json\/wp\/v2\/posts\/119354\/revisions\/119355"}],"wp:featuredmedia":[{"embeddable":true,"href":"https:\/\/vinasfm.com\/noticias\/wp-json\/wp\/v2\/media\/51400"}],"wp:attachment":[{"href":"https:\/\/vinasfm.com\/noticias\/wp-json\/wp\/v2\/media?parent=119354"}],"wp:term":[{"taxonomy":"category","embeddable":true,"href":"https:\/\/vinasfm.com\/noticias\/wp-json\/wp\/v2\/categories?post=119354"},{"taxonomy":"post_tag","embeddable":true,"href":"https:\/\/vinasfm.com\/noticias\/wp-json\/wp\/v2\/tags?post=119354"}],"curies":[{"name":"wp","href":"https:\/\/api.w.org\/{rel}","templated":true}]}}