{"id":119351,"date":"2023-03-06T07:18:37","date_gmt":"2023-03-06T10:18:37","guid":{"rendered":"https:\/\/vinasfm.com\/noticias\/?p=119351"},"modified":"2023-03-06T22:05:28","modified_gmt":"2023-03-07T01:05:28","slug":"el-director-de-contingencias-sociales-explico-como-funciona-el-programa-la-garrafa-en-tu-barrio","status":"publish","type":"post","link":"https:\/\/vinasfm.com\/noticias\/el-director-de-contingencias-sociales-explico-como-funciona-el-programa-la-garrafa-en-tu-barrio\/","title":{"rendered":"El Director de Contingencias Sociales explic\u00f3 como funciona el programa \u00abla garrafa en tu barrio\u00bb"},"content":{"rendered":"<h4>El programa provincial ya trabajaba en los meses m\u00e1s fr\u00edos de invierno y ahora se extendido a todo el a\u00f1o.<\/h4>\n<p><em><strong>&#8216;Estaba planteado que empezara en febrero, pero por cuesti\u00f3n de tiempo de licitaciones y precios en la garraba se retras\u00f3&#8217;<\/strong><\/em> expres\u00f3 Sarategui.\u00a0El precio de la garraba tuvo siete aumentos entre octubre del 2022 y enero del corriente.<\/p>\n<p>Adem\u00e1s del programa \u00abLa garrafa en tu barrio\u00bb existe otro programa nacional que, a trav\u00e9s de las tajetas de asignaciones otorgadas por ANSES, se realiza un integro mensual, de aproximadamente $1200, para poder acceder a las garrafas.\u00a0 <strong><em>&#8216;Al plan municipal que tuvimos no se le pudo poner un tope en los aumentos por trabajar junto a un privado&#8217;<\/em><\/strong> explic\u00f3 el funcionario y agreg\u00f3 <strong><em>&#8216;por eso estos planes que brindaban dinero no eran funcionales&#8217;.<\/em><\/strong><\/p>\n<p>La primer experiencia se realiz\u00f3 en Bowen. <strong><em>&#8216;Hay lugares en los que no es f\u00e1cil acceder a una fotocopia de DNI o una negativa de ANSES, por eso trabajamos con eso a trav\u00e9s de una asistente social&#8217;<\/em><\/strong> detall\u00f3. En su primera jornada el programa tuvo muy buena aceptaci\u00f3n y se demostr\u00f3 con la llegada de los beneficiados que pudieron acceder a la garrafa.<strong><em> &#8216;Alguno llegaban directamente a adquirir la garrafa y otros a consultar&#8217;.\u00a0<\/em><\/strong><\/p>\n<p>En cuanto al precio, Sarategui explic\u00f3 que <em><strong>&#8216;se establece un arreglo en entre el Estado Provincial y el proveedor&#8217;<\/strong><\/em> y sum\u00f3 que<strong><em> &#8216;se realiza una compre anual que est\u00e1 dentro del presupuesto&#8217;.<\/em> <\/strong>El precio de la garrafa subsidiada se encuentra por debajo (cerca de un 50%) del precio comercial que ronda entre los $1900 y $2100.<\/p>\n<p>El programa, por el momento, no cuenta con un tope porque <strong><em>&#8216;la demanda va a variar bastante&#8217;<\/em><\/strong>, sin embargo se cuentan con aproximadamente 200 garrafas para repartir en cada punto por d\u00eda.<\/p>\n<p>\u00bfCu\u00e1les son los requisitos?<\/p>\n<p>Quien desee acceder al mencionado plan debe presentar:<\/p>\n<ul>\n<li>Fotocopia de DNI.<\/li>\n<li>Negativa de ANSES, consiste en un informe de c\u00f3mo figura el ciudadano ante el Estado.<\/li>\n<\/ul>\n<p>Los requisitos mencionados no son excluyentes, sin embargo en los puntos de reparto se facilitar\u00e1 el acceso a los mismo.<\/p>\n<ul>\n<li>Para el caso de personas con discapacidad presentar el Certificado \u00danico de Discapacidad (CUD). Si se trata de un menor, el apoderado deber\u00e1 presentar copia de su DNI.<\/li>\n<\/ul>\n<h6>G, Vallejos.<\/h6>\n","protected":false},"excerpt":{"rendered":"<p>El programa provincial ya trabajaba en los meses m\u00e1s fr\u00edos de invierno y ahora se extendido a todo el a\u00f1o. &#8216;Estaba &#8230;<\/p>\n","protected":false},"author":7,"featured_media":119353,"comment_status":"open","ping_status":"open","sticky":false,"template":"","format":"standard","meta":{"footnotes":""},"categories":[5,11],"tags":[],"class_list":["post-119351","post","type-post","status-publish","format-standard","has-post-thumbnail","hentry","category-actualidad","category-sociales"],"_links":{"self":[{"href":"https:\/\/vinasfm.com\/noticias\/wp-json\/wp\/v2\/posts\/119351","targetHints":{"allow":["GET"]}}],"collection":[{"href":"https:\/\/vinasfm.com\/noticias\/wp-json\/wp\/v2\/posts"}],"about":[{"href":"https:\/\/vinasfm.com\/noticias\/wp-json\/wp\/v2\/types\/post"}],"author":[{"embeddable":true,"href":"https:\/\/vinasfm.com\/noticias\/wp-json\/wp\/v2\/users\/7"}],"replies":[{"embeddable":true,"href":"https:\/\/vinasfm.com\/noticias\/wp-json\/wp\/v2\/comments?post=119351"}],"version-history":[{"count":2,"href":"https:\/\/vinasfm.com\/noticias\/wp-json\/wp\/v2\/posts\/119351\/revisions"}],"predecessor-version":[{"id":119390,"href":"https:\/\/vinasfm.com\/noticias\/wp-json\/wp\/v2\/posts\/119351\/revisions\/119390"}],"wp:featuredmedia":[{"embeddable":true,"href":"https:\/\/vinasfm.com\/noticias\/wp-json\/wp\/v2\/media\/119353"}],"wp:attachment":[{"href":"https:\/\/vinasfm.com\/noticias\/wp-json\/wp\/v2\/media?parent=119351"}],"wp:term":[{"taxonomy":"category","embeddable":true,"href":"https:\/\/vinasfm.com\/noticias\/wp-json\/wp\/v2\/categories?post=119351"},{"taxonomy":"post_tag","embeddable":true,"href":"https:\/\/vinasfm.com\/noticias\/wp-json\/wp\/v2\/tags?post=119351"}],"curies":[{"name":"wp","href":"https:\/\/api.w.org\/{rel}","templated":true}]}}