{"id":119330,"date":"2023-03-04T10:51:36","date_gmt":"2023-03-04T13:51:36","guid":{"rendered":"https:\/\/vinasfm.com\/noticias\/?p=119330"},"modified":"2023-03-04T11:24:21","modified_gmt":"2023-03-04T14:24:21","slug":"nota-de-opinion-repudio-a-la-aprobacion-de-la-dia-del-proyecto-cerro-amarillo","status":"publish","type":"post","link":"https:\/\/vinasfm.com\/noticias\/nota-de-opinion-repudio-a-la-aprobacion-de-la-dia-del-proyecto-cerro-amarillo\/","title":{"rendered":"NOTA DE OPINI\u00d3N: REPUDIO A LA APROBACI\u00d3N DE LA DIA DEL PROYECTO CERRO AMARILLO"},"content":{"rendered":"<p><strong>La Multisectorial de General Alvear desea expresar su m\u00e1s en\u00e9rgico repudio a la aprobaci\u00f3n de la DIA (Declaraci\u00f3n de Impacto Ambiental) del Proyecto Cerro Amarillo.<\/strong><\/p>\n<p>Los legisladores del cuarto distrito: senadores Leonardo Vi\u00f1olo, Abel Freidemberg, Cecilia Canizzo, Alejandra Barro, Pedro Serra, J\u00e9sica Laferte, Mauricio Sat y Diputados Jos\u00e9 Vilches, Adri\u00e1n Reche, Mar\u00eda Jos\u00e9 Sanz, Gisela Valdez, y Omar F\u00e9lix votaron a favor de la misma. No podemos pasarlo por alto.<\/p>\n<p>No podemos entender que en reiteradas ocasiones acompa\u00f1aron al pueblo en las calles y ahora le dan la espalda. El art\u00edculo 9 de la Constituci\u00f3n Provincial determina que <strong>\u201cEl pueblo no delibera ni gobierna sino por medio de sus representantes\u201d.<\/strong><br \/>\nComo tambi\u00e9n los art\u00edculos 67 y 75 determinan que la C\u00e1mara de Senadores y Diputados se compondr\u00e1n de <strong>\u201crepresentantes del pueblo\u201d.<\/strong><\/p>\n<h2>\u00bfQu\u00e9 pueblo representan?<\/h2>\n<p>No s\u00f3lo no leyeron la DIA sino que no respetaron la voluntad del pueblo que los eligi\u00f3 como<br \/>\nvoz en la legislatura.<\/p>\n<p>Son legisladores que, debiendo ser ejemplo en el cumplimiento de la ley, aprueban una DIA<br \/>\nque viola al menos 7 leyes vigentes:<\/p>\n<ul>\n<li>Ley N\u00b0 25765, General de Ambiente (realizaci\u00f3n de audiencia p\u00fablica)<\/li>\n<li>Ley 25688\/02, R\u00e9gimen de Gesti\u00f3n Ambiental de Aguas (no se consult\u00f3 al COIRCO)<\/li>\n<li>Ley 26639\/10, Ley de glaciares (no se consult\u00f3 al IANIGLA y el proyecto se ubica<br \/>\nsobre zona de glaciares)<\/li>\n<li>\u00a0Ley 27566\/20, Acuerdo de Escaz\u00fa (participaci\u00f3n p\u00fablica en decisiones de temas<br \/>\nambientales)<\/li>\n<li>Ley 5961\/ 92 provincial de Ambiente (falta dictamen t\u00e9cnico de Municipalidades<br \/>\nde la cuenca afectadas)<\/li>\n<li>Ley de Aguas (se autoriza un proyecto que ante la crisis h\u00eddrica provincial no es<br \/>\nprioritario)<\/li>\n<li>Decreto 820\/06, (no hay actualizaci\u00f3n bianual de la DIA. Fue presentada la del a\u00f1o<br \/>\n2014)<\/li>\n<\/ul>\n<p>El pueblo mendocino se manifest\u00f3 de manera contundente desde el a\u00f1o 2006, en la Legislatura, en los medios, en las calles.<\/p>\n<p>Ustedes fueron parte de esas luchas.<\/p>\n<p>No podemos aceptar que hoy decidan poner en jaque la lucha de tantos a\u00f1os.<\/p>\n<p>Prestaron juramento y esperamos que act\u00faen en consecuencia.<\/p>\n<p>Nuestra cordillera est\u00e1 en peligro, nuestro oasis en franco retroceso por decisiones inconsultas. El oro y el cobre no nos saciar\u00e1n la sed cuando no tengamos agua pura para beber y regar nuestra producci\u00f3n.<\/p>\n<p>De una vez por todas sean la voz del pueblo.<\/p>\n<p><strong>MULTISECTORIAL DE GENERAL ALVEAR<\/strong><\/p>\n","protected":false},"excerpt":{"rendered":"<p>La Multisectorial de General Alvear desea expresar su m\u00e1s en\u00e9rgico repudio a la aprobaci\u00f3n de la DIA (Declaraci\u00f3n de Impacto Ambiental) &#8230;<\/p>\n","protected":false},"author":7,"featured_media":118400,"comment_status":"open","ping_status":"open","sticky":false,"template":"","format":"standard","meta":{"footnotes":""},"categories":[1],"tags":[],"class_list":["post-119330","post","type-post","status-publish","format-standard","has-post-thumbnail","hentry","category-fmvinas"],"_links":{"self":[{"href":"https:\/\/vinasfm.com\/noticias\/wp-json\/wp\/v2\/posts\/119330","targetHints":{"allow":["GET"]}}],"collection":[{"href":"https:\/\/vinasfm.com\/noticias\/wp-json\/wp\/v2\/posts"}],"about":[{"href":"https:\/\/vinasfm.com\/noticias\/wp-json\/wp\/v2\/types\/post"}],"author":[{"embeddable":true,"href":"https:\/\/vinasfm.com\/noticias\/wp-json\/wp\/v2\/users\/7"}],"replies":[{"embeddable":true,"href":"https:\/\/vinasfm.com\/noticias\/wp-json\/wp\/v2\/comments?post=119330"}],"version-history":[{"count":3,"href":"https:\/\/vinasfm.com\/noticias\/wp-json\/wp\/v2\/posts\/119330\/revisions"}],"predecessor-version":[{"id":119340,"href":"https:\/\/vinasfm.com\/noticias\/wp-json\/wp\/v2\/posts\/119330\/revisions\/119340"}],"wp:featuredmedia":[{"embeddable":true,"href":"https:\/\/vinasfm.com\/noticias\/wp-json\/wp\/v2\/media\/118400"}],"wp:attachment":[{"href":"https:\/\/vinasfm.com\/noticias\/wp-json\/wp\/v2\/media?parent=119330"}],"wp:term":[{"taxonomy":"category","embeddable":true,"href":"https:\/\/vinasfm.com\/noticias\/wp-json\/wp\/v2\/categories?post=119330"},{"taxonomy":"post_tag","embeddable":true,"href":"https:\/\/vinasfm.com\/noticias\/wp-json\/wp\/v2\/tags?post=119330"}],"curies":[{"name":"wp","href":"https:\/\/api.w.org\/{rel}","templated":true}]}}