{"id":119320,"date":"2023-03-04T10:41:22","date_gmt":"2023-03-04T13:41:22","guid":{"rendered":"https:\/\/vinasfm.com\/noticias\/?p=119320"},"modified":"2023-03-04T10:41:22","modified_gmt":"2023-03-04T13:41:22","slug":"agenda-cultural-que-hacer-este-fin-de-semana","status":"publish","type":"post","link":"https:\/\/vinasfm.com\/noticias\/agenda-cultural-que-hacer-este-fin-de-semana\/","title":{"rendered":"AGENDA CULTURAL: \u00bfQU\u00c9 HACER ESTE FIN DE SEMANA?"},"content":{"rendered":"<p><strong>S\u00e1bado 4 de marzo<\/strong><br \/>\n&#8211; D\u00eda Mundial de la Ingenier\u00eda para el Desarrollo Sostenible<br \/>\n&#8211; D\u00eda Internacional de Concienciaci\u00f3n sobre el Virus del Papiloma Humano<br \/>\n&#8211; D\u00eda Mundial de la Obesidad<br \/>\n&#8211; D\u00eda nacional del hermano<\/p>\n<p><strong>9 a 12:30hs<\/strong> Feria de Mujeres del Agro Bowen<\/p>\n<p><strong>9 a 13hs<\/strong> Productores en Mercado Municipal de Ciudad<\/p>\n<p><strong>10hs<\/strong> Carrusel de Reinas por las calles de la Ciudad de Mendoza.<\/p>\n<p><strong>22:00hs<\/strong> Fiesta Nacional de la Vendimia 2023 en Teatro Griego Frank Romero Day, con una puesta en escena titulada \u201cJuglares de Vendimia, un Canto a la Naturaleza\u201d, con m\u00e1s de 1000 artistas en escena, entre actores, bailarines, acr\u00f3batas y m\u00fasicos.<\/p>\n<p><a href=\"https:\/\/vinasfm.com\/noticias\/wp-content\/uploads\/2023\/03\/constelaciones-baja-afiche-de-via-publica-opcion-1_mesa-de-trabajo-1.jpg\"><img loading=\"lazy\" decoding=\"async\" class=\"aligncenter wp-image-119255\" src=\"https:\/\/vinasfm.com\/noticias\/wp-content\/uploads\/2023\/03\/constelaciones-baja-afiche-de-via-publica-opcion-1_mesa-de-trabajo-1.jpg\" alt=\"\" width=\"550\" height=\"367\" srcset=\"https:\/\/vinasfm.com\/noticias\/wp-content\/uploads\/2023\/03\/constelaciones-baja-afiche-de-via-publica-opcion-1_mesa-de-trabajo-1.jpg 2517w, https:\/\/vinasfm.com\/noticias\/wp-content\/uploads\/2023\/03\/constelaciones-baja-afiche-de-via-publica-opcion-1_mesa-de-trabajo-1-300x200.jpg 300w, https:\/\/vinasfm.com\/noticias\/wp-content\/uploads\/2023\/03\/constelaciones-baja-afiche-de-via-publica-opcion-1_mesa-de-trabajo-1-1024x683.jpg 1024w, https:\/\/vinasfm.com\/noticias\/wp-content\/uploads\/2023\/03\/constelaciones-baja-afiche-de-via-publica-opcion-1_mesa-de-trabajo-1-768x512.jpg 768w, https:\/\/vinasfm.com\/noticias\/wp-content\/uploads\/2023\/03\/constelaciones-baja-afiche-de-via-publica-opcion-1_mesa-de-trabajo-1-1536x1024.jpg 1536w, https:\/\/vinasfm.com\/noticias\/wp-content\/uploads\/2023\/03\/constelaciones-baja-afiche-de-via-publica-opcion-1_mesa-de-trabajo-1-2048x1365.jpg 2048w\" sizes=\"auto, (max-width: 550px) 100vw, 550px\" \/><\/a><\/p>\n<p><strong>Domingo 5 de marzo<\/strong><\/p>\n<p><strong>9 a 13hs<\/strong> Feria Km 0<\/p>\n<p><strong>12:30hs<\/strong> Vendimia Solidaria en Estancia San Isidro.<\/p>\n<p><strong>21:00hs<\/strong> Primera repetici\u00f3n Fiesta Nacional de la Vendimia en Teatro Griego Frank Romero Day.<\/p>\n<p><a href=\"https:\/\/vinasfm.com\/noticias\/wp-content\/uploads\/2023\/03\/QEIRCIF2ABG6DJ4XKDND72R47U.webp\"><img loading=\"lazy\" decoding=\"async\" class=\"wp-image-119323 aligncenter\" src=\"https:\/\/vinasfm.com\/noticias\/wp-content\/uploads\/2023\/03\/QEIRCIF2ABG6DJ4XKDND72R47U.webp\" alt=\"\" width=\"598\" height=\"391\" srcset=\"https:\/\/vinasfm.com\/noticias\/wp-content\/uploads\/2023\/03\/QEIRCIF2ABG6DJ4XKDND72R47U.webp 980w, https:\/\/vinasfm.com\/noticias\/wp-content\/uploads\/2023\/03\/QEIRCIF2ABG6DJ4XKDND72R47U-300x196.webp 300w, https:\/\/vinasfm.com\/noticias\/wp-content\/uploads\/2023\/03\/QEIRCIF2ABG6DJ4XKDND72R47U-768x502.webp 768w\" sizes=\"auto, (max-width: 598px) 100vw, 598px\" \/><\/a><\/p>\n<p>Pero la actividad en nuestro departamento continua los d\u00edas de semana, para aquellos que disfrutar disfrutar de algo diferente.<\/p>\n<p><strong>Costanera Alvear<\/strong> abierto de jueves a domingo, de 14:30 a 20:30hs<\/p>\n<p><strong>Reserva municipal El Trapal<\/strong>, todos los d\u00edas de 10 a 19hs<\/p>\n<p><strong>Multiespacio cultural Bodega Fara\u00f3n<\/strong> s\u00e1bados, domingos y feriados de 10 a 17hs<\/p>\n<p><strong>Museo municipal del Inmigrante<\/strong> s\u00e1bados, domingos y feriados de 9 a 12hs y de 16 a 19hs<\/p>\n<p><strong>Museo de Ciencias Naturales Rafael Reinoso<\/strong> s\u00e1bados, domingos y feriados 14:30 a 18:30hs<\/p>\n<p><strong>Cartelera de Cine<\/strong><br \/>\n18:15hs viernes; 17hs s\u00e1bado y domingo: Las Momias y el Anillo Perdido 2D (ATP)<br \/>\n20:30hs viernes; 20hs s\u00e1bado y domingo: Creed 3 2D SAM13<br \/>\nVenta de entradas en boleter\u00eda y Web: https:\/\/cineteatrolafalla.alvearmendoza.gob.ar\/<\/p>\n<p><a href=\"https:\/\/vinasfm.com\/noticias\/wp-content\/uploads\/2023\/03\/WhatsApp-Image-2023-03-04-at-10.36.51.jpeg\"><img loading=\"lazy\" decoding=\"async\" class=\"size-full wp-image-119322 aligncenter\" src=\"https:\/\/vinasfm.com\/noticias\/wp-content\/uploads\/2023\/03\/WhatsApp-Image-2023-03-04-at-10.36.51.jpeg\" alt=\"\" width=\"552\" height=\"575\" srcset=\"https:\/\/vinasfm.com\/noticias\/wp-content\/uploads\/2023\/03\/WhatsApp-Image-2023-03-04-at-10.36.51.jpeg 552w, https:\/\/vinasfm.com\/noticias\/wp-content\/uploads\/2023\/03\/WhatsApp-Image-2023-03-04-at-10.36.51-288x300.jpeg 288w\" sizes=\"auto, (max-width: 552px) 100vw, 552px\" \/><\/a><\/p>\n","protected":false},"excerpt":{"rendered":"<p>S\u00e1bado 4 de marzo &#8211; D\u00eda Mundial de la Ingenier\u00eda para el Desarrollo Sostenible &#8211; D\u00eda Internacional de Concienciaci\u00f3n sobre el &#8230;<\/p>\n","protected":false},"author":7,"featured_media":2543,"comment_status":"open","ping_status":"open","sticky":false,"template":"","format":"standard","meta":{"footnotes":""},"categories":[1],"tags":[],"class_list":["post-119320","post","type-post","status-publish","format-standard","has-post-thumbnail","hentry","category-fmvinas"],"_links":{"self":[{"href":"https:\/\/vinasfm.com\/noticias\/wp-json\/wp\/v2\/posts\/119320","targetHints":{"allow":["GET"]}}],"collection":[{"href":"https:\/\/vinasfm.com\/noticias\/wp-json\/wp\/v2\/posts"}],"about":[{"href":"https:\/\/vinasfm.com\/noticias\/wp-json\/wp\/v2\/types\/post"}],"author":[{"embeddable":true,"href":"https:\/\/vinasfm.com\/noticias\/wp-json\/wp\/v2\/users\/7"}],"replies":[{"embeddable":true,"href":"https:\/\/vinasfm.com\/noticias\/wp-json\/wp\/v2\/comments?post=119320"}],"version-history":[{"count":2,"href":"https:\/\/vinasfm.com\/noticias\/wp-json\/wp\/v2\/posts\/119320\/revisions"}],"predecessor-version":[{"id":119324,"href":"https:\/\/vinasfm.com\/noticias\/wp-json\/wp\/v2\/posts\/119320\/revisions\/119324"}],"wp:featuredmedia":[{"embeddable":true,"href":"https:\/\/vinasfm.com\/noticias\/wp-json\/wp\/v2\/media\/2543"}],"wp:attachment":[{"href":"https:\/\/vinasfm.com\/noticias\/wp-json\/wp\/v2\/media?parent=119320"}],"wp:term":[{"taxonomy":"category","embeddable":true,"href":"https:\/\/vinasfm.com\/noticias\/wp-json\/wp\/v2\/categories?post=119320"},{"taxonomy":"post_tag","embeddable":true,"href":"https:\/\/vinasfm.com\/noticias\/wp-json\/wp\/v2\/tags?post=119320"}],"curies":[{"name":"wp","href":"https:\/\/api.w.org\/{rel}","templated":true}]}}