{"id":119254,"date":"2023-03-03T08:31:11","date_gmt":"2023-03-03T11:31:11","guid":{"rendered":"https:\/\/vinasfm.com\/noticias\/?p=119254"},"modified":"2023-03-03T12:01:07","modified_gmt":"2023-03-03T15:01:07","slug":"vendimia-2023-todo-lo-que-hay-que-saber-sobre-la-fiesta-maxima-de-los-mendocinos","status":"publish","type":"post","link":"https:\/\/vinasfm.com\/noticias\/vendimia-2023-todo-lo-que-hay-que-saber-sobre-la-fiesta-maxima-de-los-mendocinos\/","title":{"rendered":"VENDIMIA 2023: TODO LO QUE HAY QUE SABER SOBRE LA FIESTA M\u00c1XIMA DE LOS MENDOCINOS"},"content":{"rendered":"<h3>Cronograma, horarios, cortes de calles, recorridos y como funcionar\u00e1 el transporte durante el fin de semana.<\/h3>\n<p>La\u00a0<strong>Fiesta Nacional de la Vendimia<\/strong>\u00a0es sin dudas uno de los sucesos m\u00e1s importantes del a\u00f1o en la provincia y miles de personas dir\u00e1n presente en la\u00a0<strong>V\u00eda Blanca<\/strong>,\u00a0<strong>Carrusel y<\/strong>\u00a0por supuesto, en el\u00a0<strong>Acto Central<\/strong>\u00a0y sus respectivas<strong>\u00a0repeticiones<\/strong>.<\/p>\n<p>Es por eso que el gobierno provincial realizar\u00e1 operativos de seguridad, cortes de calle programados y servicios especiales de transporte para el fin de semana.<\/p>\n<h2 id=\"h-cronograma-vendimial\">Cronograma Vendimial<\/h2>\n<p>&nbsp;<\/p>\n<p>Las actividades de la Fiesta Nacional de la Vendimia comenzaron el pasado domingo con la Bendici\u00f3n de los Frutos, y continu\u00f3 en la noche del mi\u00e9rcoles con la Fiesta de la Cosecha.<\/p>\n<p>En tanto que el cronograma para el fin de semana es el siguiente:<\/p>\n<ul>\n<li><strong>V\u00eda Blanca de las Reinas:<\/strong> Viernes a las 22 en las calles de la Ciudad.<\/li>\n<li><strong><em>Carrusel de las Reinas:<\/em><\/strong> S\u00e1bado a las 10 en las calles de la Ciudad.<\/li>\n<li><em><strong>Acto Central:<\/strong> <\/em>S\u00e1bado a las 22 en el Teatro Griego Frank Romero Day.<\/li>\n<li><em><strong>Primera repetici\u00f3n:<\/strong> <\/em>Domingo a las 22 en el Teatro Griego Frank Romero Day . El cierre de la noche estar\u00e1 a cargo de <strong>Soledad.<\/strong><\/li>\n<li><strong><em>Segunda repetici\u00f3n:<\/em> <\/strong>Lunes a las 22 en el Teatro Griego Frank Romero Day. <strong>Lali<\/strong>\u00a0llevar\u00e1 a cabo el show de cierre.<\/li>\n<\/ul>\n<h2 id=\"h-carrusel-y-via-blanca-recorridos-y-cortes-de-transito\">Carrusel y V\u00eda Blanca: recorridos y cortes de tr\u00e1nsito<\/h2>\n<p>Este viernes a partir de las 22 se realizar\u00e1 la <strong>V\u00eda Blanca<\/strong> por las calles del centro. El recorrido este a\u00f1o comenzar\u00e1 en calles San Mart\u00edn y Col\u00f3n, continuar\u00e1 hasta Las Heras, de all\u00ed ir\u00e1 hasta Chile, doblar\u00e1 hasta Sarmiento, y en calle Belgrano ser\u00e1 la desconcentraci\u00f3n de los carros. En tanto, el palco oficial se ubicar\u00e1 frente al edificio de Turismo sobre calle San Mart\u00edn.<\/p>\n<p>Para realizar el desfile, se han anunciado cortes de algunas calles a partir de la tarde del viernes:<\/p>\n<ul>\n<li>San Mart\u00edn de Mor\u00f3n a Col\u00f3n desde las 14 hs.<\/li>\n<li>San Mart\u00edn de Col\u00f3n a Las Heras desde las 18 hs.<\/li>\n<li>Las Heras de San Mart\u00edn a Chile desde las 18 hs.<\/li>\n<li>Chile de Las Heras a Sarmiento desde las 18 hs.<\/li>\n<li>Sarmiento de Chile a Belgrano desde las 18 hs.<\/li>\n<li>Transversales San Mart\u00edn al este y el oeste, desde las 20 hs.<\/li>\n<\/ul>\n<p>El horario de liberaci\u00f3n de las calles no est\u00e1 definido y depender\u00e1 de la velocidad en que se desconcentre el p\u00fablico. Para el desfile estar\u00e1n apostados m\u00e1s de 600 efectivos policiales.<\/p>\n<p><a href=\"https:\/\/vinasfm.com\/noticias\/wp-content\/uploads\/2023\/03\/Via-Blanca-700x700-1.jpg\"><img loading=\"lazy\" decoding=\"async\" class=\"wp-image-119203 aligncenter\" src=\"https:\/\/vinasfm.com\/noticias\/wp-content\/uploads\/2023\/03\/Via-Blanca-700x700-1.jpg\" alt=\"\" width=\"650\" height=\"650\" srcset=\"https:\/\/vinasfm.com\/noticias\/wp-content\/uploads\/2023\/03\/Via-Blanca-700x700-1.jpg 700w, https:\/\/vinasfm.com\/noticias\/wp-content\/uploads\/2023\/03\/Via-Blanca-700x700-1-300x300.jpg 300w, https:\/\/vinasfm.com\/noticias\/wp-content\/uploads\/2023\/03\/Via-Blanca-700x700-1-150x150.jpg 150w, https:\/\/vinasfm.com\/noticias\/wp-content\/uploads\/2023\/03\/Via-Blanca-700x700-1-360x360.jpg 360w\" sizes=\"auto, (max-width: 650px) 100vw, 650px\" \/><\/a><\/p>\n<p>El\u00a0<strong>Carrusel\u00a0<\/strong>se realizar\u00e1 este s\u00e1bado a partir de las 10 y contar\u00e1 con un recorrido que \u00a0partir\u00e1 desde los Portones del Parque San Mart\u00edn, se dirigir\u00e1 hacia el este, por Emilio Civit, hasta la Plaza Independencia. All\u00ed doblar\u00e1 hacia el norte, por Chile hasta Las Heras, para luego tomar San Mart\u00edn hacia el sur, luego doblar\u00e1 por Col\u00f3n, para desconcentrar en Ar\u00edstides Villanueva y Boulogne Sur Mer.<\/p>\n<p>En tanto que habr\u00e1 cortes de tr\u00e1nsito vehicular en las calles Emilio Civit, Sarmiento, Chile, Las Heras a partir de las 8 hs y en calles San Mart\u00edn, Col\u00f3n y Ar\u00edstides Villanueva a partir de las 10 hs. Adem\u00e1s, contar\u00e1 con un operativo policial compuesto por m\u00e1s de 800 polic\u00edas.<\/p>\n<p><a href=\"https:\/\/vinasfm.com\/noticias\/wp-content\/uploads\/2023\/03\/Carrusel.jpg\"><img loading=\"lazy\" decoding=\"async\" class=\"wp-image-119204 aligncenter\" src=\"https:\/\/vinasfm.com\/noticias\/wp-content\/uploads\/2023\/03\/Carrusel.jpg\" alt=\"\" width=\"650\" height=\"650\" srcset=\"https:\/\/vinasfm.com\/noticias\/wp-content\/uploads\/2023\/03\/Carrusel.jpg 1600w, https:\/\/vinasfm.com\/noticias\/wp-content\/uploads\/2023\/03\/Carrusel-300x300.jpg 300w, https:\/\/vinasfm.com\/noticias\/wp-content\/uploads\/2023\/03\/Carrusel-1024x1024.jpg 1024w, https:\/\/vinasfm.com\/noticias\/wp-content\/uploads\/2023\/03\/Carrusel-150x150.jpg 150w, https:\/\/vinasfm.com\/noticias\/wp-content\/uploads\/2023\/03\/Carrusel-768x768.jpg 768w, https:\/\/vinasfm.com\/noticias\/wp-content\/uploads\/2023\/03\/Carrusel-1536x1536.jpg 1536w, https:\/\/vinasfm.com\/noticias\/wp-content\/uploads\/2023\/03\/Carrusel-360x360.jpg 360w, https:\/\/vinasfm.com\/noticias\/wp-content\/uploads\/2023\/03\/Carrusel-750x750.jpg 750w\" sizes=\"auto, (max-width: 650px) 100vw, 650px\" \/><\/a><\/p>\n<h2 id=\"h-como-funcionara-el-transporte-en-el-acto-central-y-en-las-repeticiones\">Como funcionar\u00e1 el transporte en el Acto Central y en las repeticiones<\/h2>\n<p><strong>\u201cJuglares de Vendimia, un canto a la Naturaleza\u201d\u00a0<\/strong>es el nombre que llevar\u00e1 el\u00a0<strong>Acto Central\u00a0<\/strong>de la Fiesta Nacional de la Vendimia y promete pasar a la historia, siendo la primera vez que se utilizar\u00e1 realidad aumentada y contar\u00e1 con 750 artistas en escena.<\/p>\n<p>La fiesta m\u00e1xima de los mendocinos comenzar\u00e1 a las 22 horas, pero las puertas del Teatro Griego se abrir\u00e1n a partir de las 18. Lo mismo ocurrir\u00e1 en los d\u00edas domingo y lunes.<\/p>\n<p>Las personas que deseen asistir al Acto Central o a las repeticiones, y tengan que hacerlo en transporte p\u00fablico, habr\u00e1 un servicio especial destinado para las tres noches.<\/p>\n<p>Habr\u00e1 un servicio de colectivos que estar\u00e1n ubicados en la intersecci\u00f3n de Mitre y Godoy Cruz y partir\u00e1n hacia el Teatro Griego a partir de las 17 el s\u00e1bado y desde las 18 en las repeticiones.<\/p>\n<p>El boleto se podr\u00e1 abonar con tarjeta SUBE y tendr\u00e1 un valor de 100 pesos por tramo y no aplicar\u00e1n los beneficios de los abonos.<\/p>\n<p>Los\u00a0<strong>recorridos\u00a0<\/strong>a implementar ser\u00e1n los siguientes:<\/p>\n<p><strong>Salida<\/strong>: Godoy Cruz y Mitre, Godoy Cruz, Per\u00fa, Las Heras, Juan B. Justo, Lencinas, Rotonda UNCuyo, Monse\u00f1or Orsali, Av. El Libertador, Circuito Papagayos \u2013 El Challao, desv\u00edo al Sur, Teatro Griego Frank Romero Day.<\/p>\n<p><strong>Regreso<\/strong>: Teatro Griego Frank Romero Day, Camino Oeste que bordea el Cerro de la Gloria, Av. El Libertador, Emilio Civit, Sarmiento, Chile, Barcala, Mitre, Godoy Cruz y Mitre.<\/p>\n<p><a href=\"https:\/\/vinasfm.com\/noticias\/wp-content\/uploads\/2016\/10\/taxi-taxy.jpg\"><img loading=\"lazy\" decoding=\"async\" class=\"wp-image-14504 aligncenter\" src=\"https:\/\/vinasfm.com\/noticias\/wp-content\/uploads\/2016\/10\/taxi-taxy.jpg\" alt=\"\" width=\"595\" height=\"446\" srcset=\"https:\/\/vinasfm.com\/noticias\/wp-content\/uploads\/2016\/10\/taxi-taxy.jpg 1280w, https:\/\/vinasfm.com\/noticias\/wp-content\/uploads\/2016\/10\/taxi-taxy-300x225.jpg 300w, https:\/\/vinasfm.com\/noticias\/wp-content\/uploads\/2016\/10\/taxi-taxy-768x576.jpg 768w, https:\/\/vinasfm.com\/noticias\/wp-content\/uploads\/2016\/10\/taxi-taxy-1024x768.jpg 1024w\" sizes=\"auto, (max-width: 595px) 100vw, 595px\" \/><\/a><\/p>\n<p>En tanto, el servicio de<strong>\u00a0taxis y remises<\/strong>\u00a0tendr\u00e1n una tarifa especial de 1.700 y 1.800 pesos respectivamente. Este precio solo tendr\u00e1 validez siempre y cuando la persona lo tome dentro del radio de las siguientes zonas:<\/p>\n<ul>\n<li>Norte: Suipacha, Coronel Plaza, Av. San Mart\u00edn y J. B. Alberdi (Ciudad).<\/li>\n<li>Sur: Zanj\u00f3n Fr\u00edas, Hip\u00f3lito Yrigoyen, Brasil.<\/li>\n<\/ul>\n<p>En tanto que los usuarios que utilicen el servicio y se encuentren fuera de esta zona tendr\u00e1n que pagar lo que indique el reloj Tax\u00edmetro y Remis.<\/p>\n<p>Existir\u00e1 tambi\u00e9n un servicio gratuito para personas con discapacidad que partir\u00e1 desde la Playa de Estacionamiento Oficial del Estadio Malvinas Argentinas hasta la entrada principal del teatro y viceversa a la finalizaci\u00f3n de la Fiesta. El horario ser\u00e1 el mismo que para el Servicio Especial.<\/p>\n","protected":false},"excerpt":{"rendered":"<p>Cronograma, horarios, cortes de calles, recorridos y como funcionar\u00e1 el transporte durante el fin de semana. La\u00a0Fiesta Nacional de la Vendimia\u00a0es &#8230;<\/p>\n","protected":false},"author":7,"featured_media":119255,"comment_status":"open","ping_status":"open","sticky":false,"template":"","format":"standard","meta":{"footnotes":""},"categories":[5,25],"tags":[],"class_list":["post-119254","post","type-post","status-publish","format-standard","has-post-thumbnail","hentry","category-actualidad","category-vendimia"],"_links":{"self":[{"href":"https:\/\/vinasfm.com\/noticias\/wp-json\/wp\/v2\/posts\/119254","targetHints":{"allow":["GET"]}}],"collection":[{"href":"https:\/\/vinasfm.com\/noticias\/wp-json\/wp\/v2\/posts"}],"about":[{"href":"https:\/\/vinasfm.com\/noticias\/wp-json\/wp\/v2\/types\/post"}],"author":[{"embeddable":true,"href":"https:\/\/vinasfm.com\/noticias\/wp-json\/wp\/v2\/users\/7"}],"replies":[{"embeddable":true,"href":"https:\/\/vinasfm.com\/noticias\/wp-json\/wp\/v2\/comments?post=119254"}],"version-history":[{"count":2,"href":"https:\/\/vinasfm.com\/noticias\/wp-json\/wp\/v2\/posts\/119254\/revisions"}],"predecessor-version":[{"id":119301,"href":"https:\/\/vinasfm.com\/noticias\/wp-json\/wp\/v2\/posts\/119254\/revisions\/119301"}],"wp:featuredmedia":[{"embeddable":true,"href":"https:\/\/vinasfm.com\/noticias\/wp-json\/wp\/v2\/media\/119255"}],"wp:attachment":[{"href":"https:\/\/vinasfm.com\/noticias\/wp-json\/wp\/v2\/media?parent=119254"}],"wp:term":[{"taxonomy":"category","embeddable":true,"href":"https:\/\/vinasfm.com\/noticias\/wp-json\/wp\/v2\/categories?post=119254"},{"taxonomy":"post_tag","embeddable":true,"href":"https:\/\/vinasfm.com\/noticias\/wp-json\/wp\/v2\/tags?post=119254"}],"curies":[{"name":"wp","href":"https:\/\/api.w.org\/{rel}","templated":true}]}}