{"id":119247,"date":"2023-03-03T07:51:46","date_gmt":"2023-03-03T10:51:46","guid":{"rendered":"https:\/\/vinasfm.com\/noticias\/?p=119247"},"modified":"2023-03-03T11:47:35","modified_gmt":"2023-03-03T14:47:35","slug":"siguen-las-altas-temperaturas-en-la-provincia-asi-estara-el-tiempo-este-fin-de-semana","status":"publish","type":"post","link":"https:\/\/vinasfm.com\/noticias\/siguen-las-altas-temperaturas-en-la-provincia-asi-estara-el-tiempo-este-fin-de-semana\/","title":{"rendered":"SIGUEN LAS ALTAS TEMPERATURAS EN LA PROVINCIA, AS\u00cd ESTAR\u00c1 EL TIEMPO ESTE FIN DE SEMANA"},"content":{"rendered":"<h3>La presencia de un centro de alta presi\u00f3n atmosf\u00e9rica no permite el ingreso de aire fr\u00edo avance hacia el centro del pa\u00eds y nuestra regi\u00f3n, por lo tanto, se mantiene una masa de aire caliente con temperaturas m\u00e1ximas muy elevadas. Esta situaci\u00f3n se mantendr\u00e1 al menos hasta el d\u00eda lunes<\/h3>\n<p><strong>Viernes<\/strong><\/p>\n<p>Viento norte durante la ma\u00f1ana de intensidad moderada y luego ingreso de aire del este y viento de intensidad moderada a fuerte del sureste hacia la noche, cielo con algo de nubosidad. Formaci\u00f3n de tormentas (desde las 17 hs aproximadamente) en el oeste de San Rafael (Agua del Toro, Los Reyunos, El Nihuil) y luego hacia el sur de San Rafael (Los Toldos, Punta de Agua). Pueden verse afectados algunos sectores del sur de nuestro departamento (Cochico, Paso del Loro, Los Huarpes, sur de Carmensa)<\/p>\n<p>M\u00e1xima 38 \u00b0C M\u00ednima 16 \u00b0C<\/p>\n<p><strong>S\u00e1bado<\/strong><\/p>\n<p>Viento sur de intensidad moderada en la madrugada y ma\u00f1ana, luego rotaci\u00f3n hacia el este-noreste, cielo con algo de nubosidad. Leve descenso de temperatura<\/p>\n<p>M\u00e1xima 36 \u00b0C M\u00ednima 16 \u00b0C<\/p>\n<p><strong>Domingo<\/strong><\/p>\n<p>Viento norte de intensidad d\u00e9bil a moderada, cielo con poca nubosidad.<\/p>\n<p>M\u00e1xima 36 \u00b0C M\u00ednima 17 \u00b0C<\/p>\n<p><strong>Lunes <\/strong><\/p>\n<p>Ingreso de frente fr\u00edo, viento sur de intensidad moderada, cielo con nubosidad y formaci\u00f3n de tormentas desde la ma\u00f1ana (aproximadamente 9 hs.) con mayor intensidad en la zona noreste de General Alvear (Corral de Lorca, Pampa del Tigre, La Mora Norte y Canalejas Norte). A partir de las primeras horas de la tarde (aproximadamente 14 hs.) tormentas sobre Ciudad y distritos y luego afectara el este de General Alvear (La Mora Sur y Canalejas), estas condiciones de inestabilidad se mantendr\u00e1n hasta las 19 hs. aproximadamente.<\/p>\n<p>M\u00e1xima 35 \u00b0C M\u00ednima 18 \u00b0C<\/p>\n","protected":false},"excerpt":{"rendered":"<p>La presencia de un centro de alta presi\u00f3n atmosf\u00e9rica no permite el ingreso de aire fr\u00edo avance hacia el centro del &#8230;<\/p>\n","protected":false},"author":7,"featured_media":119248,"comment_status":"open","ping_status":"open","sticky":false,"template":"","format":"standard","meta":{"footnotes":""},"categories":[5,36],"tags":[],"class_list":["post-119247","post","type-post","status-publish","format-standard","has-post-thumbnail","hentry","category-actualidad","category-pronostico"],"_links":{"self":[{"href":"https:\/\/vinasfm.com\/noticias\/wp-json\/wp\/v2\/posts\/119247","targetHints":{"allow":["GET"]}}],"collection":[{"href":"https:\/\/vinasfm.com\/noticias\/wp-json\/wp\/v2\/posts"}],"about":[{"href":"https:\/\/vinasfm.com\/noticias\/wp-json\/wp\/v2\/types\/post"}],"author":[{"embeddable":true,"href":"https:\/\/vinasfm.com\/noticias\/wp-json\/wp\/v2\/users\/7"}],"replies":[{"embeddable":true,"href":"https:\/\/vinasfm.com\/noticias\/wp-json\/wp\/v2\/comments?post=119247"}],"version-history":[{"count":2,"href":"https:\/\/vinasfm.com\/noticias\/wp-json\/wp\/v2\/posts\/119247\/revisions"}],"predecessor-version":[{"id":119294,"href":"https:\/\/vinasfm.com\/noticias\/wp-json\/wp\/v2\/posts\/119247\/revisions\/119294"}],"wp:featuredmedia":[{"embeddable":true,"href":"https:\/\/vinasfm.com\/noticias\/wp-json\/wp\/v2\/media\/119248"}],"wp:attachment":[{"href":"https:\/\/vinasfm.com\/noticias\/wp-json\/wp\/v2\/media?parent=119247"}],"wp:term":[{"taxonomy":"category","embeddable":true,"href":"https:\/\/vinasfm.com\/noticias\/wp-json\/wp\/v2\/categories?post=119247"},{"taxonomy":"post_tag","embeddable":true,"href":"https:\/\/vinasfm.com\/noticias\/wp-json\/wp\/v2\/tags?post=119247"}],"curies":[{"name":"wp","href":"https:\/\/api.w.org\/{rel}","templated":true}]}}