{"id":119240,"date":"2023-03-02T23:44:19","date_gmt":"2023-03-03T02:44:19","guid":{"rendered":"https:\/\/vinasfm.com\/noticias\/?p=119240"},"modified":"2023-03-04T11:49:19","modified_gmt":"2023-03-04T14:49:19","slug":"el-deporte-sigue-vibrando-para-general-alvear-comienzan-las-actividades-dirigidas-por-la-direccion-de-deporte","status":"publish","type":"post","link":"https:\/\/vinasfm.com\/noticias\/el-deporte-sigue-vibrando-para-general-alvear-comienzan-las-actividades-dirigidas-por-la-direccion-de-deporte\/","title":{"rendered":"EL DEPORTE SIGUE VIBRANDO PARA GENERAL ALVEAR, COMIENZAN LAS ACTIVIDADES DIRIGIDAS POR LA DIRECCI\u00d3N DE DEPORTE"},"content":{"rendered":"<p>Lo adelanto el <a href=\"https:\/\/alvearmendoza.gob.ar\/el-profesor-jorge-paez-es-el-nuevo-director-de-deportes\/\" target=\"_blank\" rel=\"noopener\">Director de Deporte<\/a>, Jorge P\u00e1ez, en dialogo con FM VI\u00d1AS detallando todo lo que se va a realizar en este mes de Marzo hasta el final del vigente a\u00f1o.<\/p>\n<p>En primer lugar habl\u00f3 sobre lo positivo de llegar con el deporte a cualquier parte de General Alvear: <em><strong>&#8216;Son muy convocantes las actividades que se realizan en el polideportivo no solo en Alvear si no tambi\u00e9n en los respectivos distritos como lo es Carmensa y Bowen tambi\u00e9n las delegaciones de Oeste, La Marzolina y los diferentes barrios que est\u00e1n un poco mas alejados de la zona c\u00e9ntrica&#8217;<\/strong><\/em><\/p>\n<p>Asimismo afirmo que comenzaron las actividades para adultos mayores y dio detalles de las dem\u00e1s actividades que se dictaran para ellos:<em><strong> &#8216;Damos inicio en el polideportivo a las <\/strong><\/em><em><strong>actividades con adultos con profes a cargo, adem\u00e1s tenemos tres equipos de Newcom abiertos para todas las personas interesadas, tenemos un equipo a la ma\u00f1ana y dos en la siesta&#8217;<\/strong><\/em><\/p>\n<p><a href=\"https:\/\/vinasfm.com\/noticias\/wp-content\/uploads\/2023\/03\/Adultos.jpg\"><img loading=\"lazy\" decoding=\"async\" class=\"wp-image-119242 aligncenter\" src=\"https:\/\/vinasfm.com\/noticias\/wp-content\/uploads\/2023\/03\/Adultos.jpg\" alt=\"\" width=\"395\" height=\"453\" srcset=\"https:\/\/vinasfm.com\/noticias\/wp-content\/uploads\/2023\/03\/Adultos.jpg 1057w, https:\/\/vinasfm.com\/noticias\/wp-content\/uploads\/2023\/03\/Adultos-261x300.jpg 261w, https:\/\/vinasfm.com\/noticias\/wp-content\/uploads\/2023\/03\/Adultos-892x1024.jpg 892w, https:\/\/vinasfm.com\/noticias\/wp-content\/uploads\/2023\/03\/Adultos-768x882.jpg 768w\" sizes=\"auto, (max-width: 395px) 100vw, 395px\" \/><\/a><\/p>\n<p>Luego enumero los diversos deportes que van a poder elegir los chicos y chicas: <em><strong>&#8216;La semana pr\u00f3xima vamos a estar comenzando con las escuelas deportivas de los deportes que ofrecemos como handball, voley, basquet para m\u00e1s informaci\u00f3n pueden acercarse al polideportivo donde le daremos una ficha de inscripci\u00f3n. A medida que vayan pasando los d\u00edas se van a estar habilitando otras escuelitas como palestra y ciclismo&#8217;<\/strong><\/em><\/p>\n<p>Adem\u00e1s agrego la iniciativa que quiere tomar con otros deportes :<em><strong>&#8216;Queremos empezar a trabajar es el futsal y beach voley para que no sea solo un deporte que practiquen en la temporada de verano&#8217;\u00a0<\/strong><\/em><\/p>\n<p>Por \u00faltimo aclar\u00f3 donde se realizaran las actividades deportivas: <em><strong>&#8216;No todas las actividades se realizan en el poli, las de la semana entrante si pero en el mes de abril comienzan las escuelitas barriales donde son alrededor de 15 barrios no todo se concentra en el polideportivo&#8217;<\/strong><\/em><\/p>\n<p><a href=\"https:\/\/vinasfm.com\/noticias\/wp-content\/uploads\/2023\/03\/WhatsApp-Image-2023-03-03-at-09.44.29.jpeg\"><img loading=\"lazy\" decoding=\"async\" class=\"wp-image-119269 aligncenter\" src=\"https:\/\/vinasfm.com\/noticias\/wp-content\/uploads\/2023\/03\/WhatsApp-Image-2023-03-03-at-09.44.29.jpeg\" alt=\"\" width=\"611\" height=\"650\" srcset=\"https:\/\/vinasfm.com\/noticias\/wp-content\/uploads\/2023\/03\/WhatsApp-Image-2023-03-03-at-09.44.29.jpeg 1316w, https:\/\/vinasfm.com\/noticias\/wp-content\/uploads\/2023\/03\/WhatsApp-Image-2023-03-03-at-09.44.29-282x300.jpeg 282w, https:\/\/vinasfm.com\/noticias\/wp-content\/uploads\/2023\/03\/WhatsApp-Image-2023-03-03-at-09.44.29-962x1024.jpeg 962w, https:\/\/vinasfm.com\/noticias\/wp-content\/uploads\/2023\/03\/WhatsApp-Image-2023-03-03-at-09.44.29-768x818.jpeg 768w\" sizes=\"auto, (max-width: 611px) 100vw, 611px\" \/><\/a><\/p>\n","protected":false},"excerpt":{"rendered":"<p>Lo adelanto el Director de Deporte, Jorge P\u00e1ez, en dialogo con FM VI\u00d1AS detallando todo lo que se va a realizar &#8230;<\/p>\n","protected":false},"author":7,"featured_media":119243,"comment_status":"open","ping_status":"open","sticky":false,"template":"","format":"standard","meta":{"footnotes":""},"categories":[5,3],"tags":[],"class_list":["post-119240","post","type-post","status-publish","format-standard","has-post-thumbnail","hentry","category-actualidad","category-deportes"],"_links":{"self":[{"href":"https:\/\/vinasfm.com\/noticias\/wp-json\/wp\/v2\/posts\/119240","targetHints":{"allow":["GET"]}}],"collection":[{"href":"https:\/\/vinasfm.com\/noticias\/wp-json\/wp\/v2\/posts"}],"about":[{"href":"https:\/\/vinasfm.com\/noticias\/wp-json\/wp\/v2\/types\/post"}],"author":[{"embeddable":true,"href":"https:\/\/vinasfm.com\/noticias\/wp-json\/wp\/v2\/users\/7"}],"replies":[{"embeddable":true,"href":"https:\/\/vinasfm.com\/noticias\/wp-json\/wp\/v2\/comments?post=119240"}],"version-history":[{"count":6,"href":"https:\/\/vinasfm.com\/noticias\/wp-json\/wp\/v2\/posts\/119240\/revisions"}],"predecessor-version":[{"id":119344,"href":"https:\/\/vinasfm.com\/noticias\/wp-json\/wp\/v2\/posts\/119240\/revisions\/119344"}],"wp:featuredmedia":[{"embeddable":true,"href":"https:\/\/vinasfm.com\/noticias\/wp-json\/wp\/v2\/media\/119243"}],"wp:attachment":[{"href":"https:\/\/vinasfm.com\/noticias\/wp-json\/wp\/v2\/media?parent=119240"}],"wp:term":[{"taxonomy":"category","embeddable":true,"href":"https:\/\/vinasfm.com\/noticias\/wp-json\/wp\/v2\/categories?post=119240"},{"taxonomy":"post_tag","embeddable":true,"href":"https:\/\/vinasfm.com\/noticias\/wp-json\/wp\/v2\/tags?post=119240"}],"curies":[{"name":"wp","href":"https:\/\/api.w.org\/{rel}","templated":true}]}}