{"id":119235,"date":"2023-03-02T22:35:36","date_gmt":"2023-03-03T01:35:36","guid":{"rendered":"https:\/\/vinasfm.com\/noticias\/?p=119235"},"modified":"2023-03-03T10:37:00","modified_gmt":"2023-03-03T13:37:00","slug":"myrna-osorio-hablo-sobre-la-ley-de-moratoria-provisional","status":"publish","type":"post","link":"https:\/\/vinasfm.com\/noticias\/myrna-osorio-hablo-sobre-la-ley-de-moratoria-provisional\/","title":{"rendered":"MYRNA OSORIO HABL\u00d3 SOBRE LA LEY DE MORATORIA PREVISIONAL"},"content":{"rendered":"<h3><strong>Con 134 votos a favor, 107 votos en contra y 0 abstenciones se aprob\u00f3 el proyecto de ley de moratoria previsional<\/strong><\/h3>\n<p>Luego del debate que se genero el pasado martes 28 de febrero en sesi\u00f3n especial en C\u00e1mara de Diputados por pedido del bloque Frente de Todos se aprob\u00f3 el proyecto de moratoria previsional que ayudara a 800 mil trabajadores en edad de jubilarse.<\/p>\n<p><strong>\u00bfDe qu\u00e9 trata este proyecto? <\/strong><\/p>\n<p>El proyecto que se convirti\u00f3 en ley\u00a0incluye un cap\u00edtulo para aquellos trabajadores que est\u00e9n a menos de 10 a\u00f1os de llegar a la edad jubilatoria. Les ofrece un plan de pagos para comenzar a cancelar sus deudas previsionales para as\u00ed llegar a la edad de retiro sin pasivos por atender. Se estima que 552.000 mujeres y 327.000 varones est\u00e1n en condiciones de regularizar pasivos.<\/p>\n<p>De este modo la Jefa de Anses de nuestro departamento, Myrna Osorio, habl\u00f3 sobre esta ley en di\u00e1logo con <strong>FM VI\u00d1AS\u00a0<\/strong>donde agrego:<em><strong> &#8216;El 28 de febrero tuvimos la grata noticia luego de ese arduo debate en la c\u00e1mara de diputados de que se aprob\u00f3 la moratoria, se pudo tener el quorum que se necesitaba, lo ped\u00edamos hace mucho tiempo y ahora con la aprobaci\u00f3n de legisladores y legisladoras del Frente de Todos y otros bloques minoritarios que acompa\u00f1aron se pudo lograr&#8217;<\/strong><\/em><\/p>\n<p><em><strong>&#8216;Si bien se puedo lograr el quorum, Cambiemos tanto PRO como UCR despu\u00e9s votaron en contra sobre esta ley esto no es un dato menor esto&#8217;\u00a0<\/strong><\/em><\/p>\n<p>Adem\u00e1s v\u00eda instagram Myrna Osorio se mostro muy feliz por dicha noticia: &#8216;Es <em><strong>un d\u00eda muy feliz, tenemos Ley!! con este proyecto que fue presentado por\u00a0<a class=\"x1i10hfl xjbqb8w x6umtig x1b1mbwd xaqea5y xav7gou x9f619 x1ypdohk xt0psk2 xe8uvvx xdj266r x11i5rnm xat24cr x1mh8g0r xexx8yu x4uap5 x18d9i69 xkhd6sd x16tdsg8 x1hl2dhg xggy1nq x1a2a7pz notranslate _a6hd\" tabindex=\"0\" role=\"link\" href=\"https:\/\/www.instagram.com\/anabelfsagasti\/?hl=es\">@anabelfsagasti<\/a> m\u00e1s de 29 mil mendocinos, y m\u00e1s de 1500 alvearenses podr\u00e1n acceder a su derecho de jubilarse&#8217;\u00a0<\/strong><\/em><\/p>\n<p>La cuota se calcular\u00e1 como un porcentaje (basado en el componenteprevisional) sobre\u00a0la remuneraci\u00f3n m\u00ednima imponible y podr\u00e1n comprar a\u00f1os hasta 2008. Los ingresos en concepto de cuota<strong>\u00a0c<\/strong>omponen los recursosde aportes y contribuciones que se destinan a ANSES<strong>.<\/strong><\/p>\n<p>Seg\u00fan estimaron desde ANSES<strong>,<\/strong> en 2023, alrededor de 620.000 personas podr\u00edan jubilarse, con erogaciones netas de\u00a0278.086 millones de pesos.<\/p>\n","protected":false},"excerpt":{"rendered":"<p>Con 134 votos a favor, 107 votos en contra y 0 abstenciones se aprob\u00f3 el proyecto de ley de moratoria previsional &#8230;<\/p>\n","protected":false},"author":7,"featured_media":119236,"comment_status":"open","ping_status":"open","sticky":false,"template":"","format":"standard","meta":{"footnotes":""},"categories":[5,10],"tags":[],"class_list":["post-119235","post","type-post","status-publish","format-standard","has-post-thumbnail","hentry","category-actualidad","category-destacadas"],"_links":{"self":[{"href":"https:\/\/vinasfm.com\/noticias\/wp-json\/wp\/v2\/posts\/119235","targetHints":{"allow":["GET"]}}],"collection":[{"href":"https:\/\/vinasfm.com\/noticias\/wp-json\/wp\/v2\/posts"}],"about":[{"href":"https:\/\/vinasfm.com\/noticias\/wp-json\/wp\/v2\/types\/post"}],"author":[{"embeddable":true,"href":"https:\/\/vinasfm.com\/noticias\/wp-json\/wp\/v2\/users\/7"}],"replies":[{"embeddable":true,"href":"https:\/\/vinasfm.com\/noticias\/wp-json\/wp\/v2\/comments?post=119235"}],"version-history":[{"count":4,"href":"https:\/\/vinasfm.com\/noticias\/wp-json\/wp\/v2\/posts\/119235\/revisions"}],"predecessor-version":[{"id":119280,"href":"https:\/\/vinasfm.com\/noticias\/wp-json\/wp\/v2\/posts\/119235\/revisions\/119280"}],"wp:featuredmedia":[{"embeddable":true,"href":"https:\/\/vinasfm.com\/noticias\/wp-json\/wp\/v2\/media\/119236"}],"wp:attachment":[{"href":"https:\/\/vinasfm.com\/noticias\/wp-json\/wp\/v2\/media?parent=119235"}],"wp:term":[{"taxonomy":"category","embeddable":true,"href":"https:\/\/vinasfm.com\/noticias\/wp-json\/wp\/v2\/categories?post=119235"},{"taxonomy":"post_tag","embeddable":true,"href":"https:\/\/vinasfm.com\/noticias\/wp-json\/wp\/v2\/tags?post=119235"}],"curies":[{"name":"wp","href":"https:\/\/api.w.org\/{rel}","templated":true}]}}