{"id":119230,"date":"2023-03-02T23:40:51","date_gmt":"2023-03-03T02:40:51","guid":{"rendered":"https:\/\/vinasfm.com\/noticias\/?p=119230"},"modified":"2023-03-03T10:22:13","modified_gmt":"2023-03-03T13:22:13","slug":"se-realizo-una-reunion-con-transportistas-del-servicio-contratado","status":"publish","type":"post","link":"https:\/\/vinasfm.com\/noticias\/se-realizo-una-reunion-con-transportistas-del-servicio-contratado\/","title":{"rendered":"SE REALIZ\u00d3 UNA REUNI\u00d3N CON TRANSPORTISTAS DEL SERVICIO CONTRATADO"},"content":{"rendered":"<h3>La sala de Comisiones del Honorable Concejo Deliberante de General Alvear recibi\u00f3 la visita de Javier Del R\u00edo, Enrique Horlacher y Germ\u00e1n Zuchelli, titulares de transporte de pasajeros de Servicio Contratado, quienes solicitan la intervenci\u00f3n de este cuerpo para llevar adelante medidas que solucionen diferentes problemas que afectan al sector<\/h3>\n<p>Dicho pedido radica principalmente en la implementaci\u00f3n de la Ley Provincial de Tr\u00e1nsito 9024 que determina que la vida \u00fatil de las unidades pase de 20 a 15 a\u00f1os de antig\u00fcedad.<\/p>\n<p>Teniendo en cuenta la actual crisis general y, principalmente del sector, se solicita acciones en conjunto con los concejos deliberantes del sur provincial para que se realice un proyecto de resoluci\u00f3n solicitando el cambio de la ley.<\/p>\n<p>Del encuentro participaron la presidente del HCD Mabel Uccelli y los ediles Patricia Salice, Jos\u00e9 Mor\u00e1n, Adri\u00e1n Caltabiano, Raquel Yunes, Hebe Katzer, Silvina Melzi, Ariel Andr\u00e9s y Alejandra Torti.<\/p>\n","protected":false},"excerpt":{"rendered":"<p>La sala de Comisiones del Honorable Concejo Deliberante de General Alvear recibi\u00f3 la visita de Javier Del R\u00edo, Enrique Horlacher y &#8230;<\/p>\n","protected":false},"author":7,"featured_media":119238,"comment_status":"open","ping_status":"open","sticky":false,"template":"","format":"standard","meta":{"footnotes":""},"categories":[5,66],"tags":[],"class_list":["post-119230","post","type-post","status-publish","format-standard","has-post-thumbnail","hentry","category-actualidad","category-transporte"],"_links":{"self":[{"href":"https:\/\/vinasfm.com\/noticias\/wp-json\/wp\/v2\/posts\/119230","targetHints":{"allow":["GET"]}}],"collection":[{"href":"https:\/\/vinasfm.com\/noticias\/wp-json\/wp\/v2\/posts"}],"about":[{"href":"https:\/\/vinasfm.com\/noticias\/wp-json\/wp\/v2\/types\/post"}],"author":[{"embeddable":true,"href":"https:\/\/vinasfm.com\/noticias\/wp-json\/wp\/v2\/users\/7"}],"replies":[{"embeddable":true,"href":"https:\/\/vinasfm.com\/noticias\/wp-json\/wp\/v2\/comments?post=119230"}],"version-history":[{"count":1,"href":"https:\/\/vinasfm.com\/noticias\/wp-json\/wp\/v2\/posts\/119230\/revisions"}],"predecessor-version":[{"id":119239,"href":"https:\/\/vinasfm.com\/noticias\/wp-json\/wp\/v2\/posts\/119230\/revisions\/119239"}],"wp:featuredmedia":[{"embeddable":true,"href":"https:\/\/vinasfm.com\/noticias\/wp-json\/wp\/v2\/media\/119238"}],"wp:attachment":[{"href":"https:\/\/vinasfm.com\/noticias\/wp-json\/wp\/v2\/media?parent=119230"}],"wp:term":[{"taxonomy":"category","embeddable":true,"href":"https:\/\/vinasfm.com\/noticias\/wp-json\/wp\/v2\/categories?post=119230"},{"taxonomy":"post_tag","embeddable":true,"href":"https:\/\/vinasfm.com\/noticias\/wp-json\/wp\/v2\/tags?post=119230"}],"curies":[{"name":"wp","href":"https:\/\/api.w.org\/{rel}","templated":true}]}}