{"id":119210,"date":"2023-03-02T10:06:01","date_gmt":"2023-03-02T13:06:01","guid":{"rendered":"https:\/\/vinasfm.com\/noticias\/?p=119210"},"modified":"2023-03-03T21:22:26","modified_gmt":"2023-03-04T00:22:26","slug":"diputados-aprobo-la-reforma-de-la-osep-con-aumentos-en-los-aportes-del-gobierno-y-afiliados","status":"publish","type":"post","link":"https:\/\/vinasfm.com\/noticias\/diputados-aprobo-la-reforma-de-la-osep-con-aumentos-en-los-aportes-del-gobierno-y-afiliados\/","title":{"rendered":"DIPUTADOS APROB\u00d3 LA REFORMA DE LA OSEP CON AUMENTOS EN LOS APORTES DEL GOBIERNO Y AFILIADOS"},"content":{"rendered":"<p><strong>Por mayor\u00eda el oficialismo logr\u00f3 que se aprobara el proyecto de saneamiento para la OSEP. La iniciativa recibi\u00f3 la media sanci\u00f3n de la C\u00e1mara Baja. El SUTE se manifest\u00f3 y mostr\u00f3 su disconformismo.<\/strong><\/p>\n<p>Por 28 votos a 18 expresados en voz alta debido al apag\u00f3n generalizado que afect\u00f3 a Mendoza y a gran parte del pa\u00eds, la C\u00e1mara de Diputados le dio media sanci\u00f3n\u00a0al proyecto de saneamiento\u00a0de la\u00a0<strong>OSEP\u00a0<\/strong>(Obra Social de los Empleados P\u00fablicos) presentado por Rodolfo Suarez. Establece un incremento de los aportes tanto de la parte patronal -el Gobierno- como de los afiliados.<\/p>\n<p>Con una ruidosa manifestaci\u00f3n del SUTE (Sindicato Unido de Trabajadores de la Educaci\u00f3n) en las afueras de la Legislatura, trasladada por momentos al recinto de sesiones y fuertes discusiones el debate se realiz\u00f3 luego de que se aprobara la declaraci\u00f3n de impacto ambiental para\u00a0la exploraci\u00f3n de Cerro Amarillo.<\/p>\n<p><strong><em>&#8216;El proyecto oficialista, que aumenta la cuota de OSEP a afiliados y afiliadas, cuenta con media sanci\u00f3n. Trabajadoras y trabajadores no olvidamos&#8217;<\/em><\/strong>, expres\u00f3 visiblemente molesta la titular del gremio docente Carina Sedano apenas concluida la sesi\u00f3n de acuerdo con lo que mostr\u00f3 un video difundido por el propio gremio.<\/p>\n<p>A la hora de la votaci\u00f3n hubo dos ausencias, ambas del peronismo que de todos modos no hubiesen influido en el desenlace por cuanto Cambia Mendoza igualmente iba a imponer su mayor\u00eda.<\/p>\n<p>Adem\u00e1s de los legisladores del Frente de Todos tambi\u00e9n expresaron su oposici\u00f3n Emanuel Fugazzotto, del Partido Verde y Jorge Difonso, de Uni\u00f3n Popular.<\/p>\n<h2>El proyecto de reforma de la OSEP<\/h2>\n<p>La iniciativa consta de\u00a0<strong>dos art\u00edculos clave que consisten en la modificaci\u00f3n del aporte que actualmente realizan los afiliados directos de la obra social por los afiliados indirectos y el incremento del aporte que realiza la patronal, es decir, el Estado en todas sus formas<\/strong>, por cada uno de sus empleados.<\/p>\n<p>El primero modifica el art\u00edculo 22 de la Carta Org\u00e1nica que reza sobre el\u00a0<strong>porcentaje de aporte mensual por afiliados indirectos, pasando del 0,08% por cada uno al 0,75% por hasta tres personas y otro que modifica el art\u00edculo 24, pasando el aporte de los tres poderes del Estado por sus trabajadores del 6% al 7%.<\/strong><\/p>\n<p>Adem\u00e1s,<strong>\u00a0se incorporaron otros tres puntos<\/strong>: uno que obliga al director general de la OSEP, actualmente Carlos Funes, a presentar una rendici\u00f3n de cuentas financiera y prestacional por cada municipio cada seis meses, ante los ministerios de Hacienda, de Salud y la Comisi\u00f3n de Salud de ambas c\u00e1maras de la Legislatura provincial.<\/p>\n<p>Otro que limita la incorporaci\u00f3n del personal administrativo a la obra social estatal. Y un tercero que le marca a la OSEP la obligaci\u00f3n de controlar el cumplimiento por parte de los prestadores de los convenios firmados, especialmente en lo que refiere al cobro de coseguros.<\/p>\n<h2>Los principales puntos del proyecto para sanear la OSEP<\/h2>\n<p><strong>El objetivo del Ejecutivo es dejar atr\u00e1s los casi $7.000 millones de deuda flotante que al d\u00eda de hoy tiene la OSEP\u00a0<\/strong>y que crecieron especialmente a partir de un 2020 de pandemia en el que los sueldos de los empleados p\u00fablicos se estancaron y un 2022 en el que los precios internacionales de los medicamentos se dispararon.<\/p>\n<p>El proyecto plantea un doble esfuerzo: por un lado subir el porcentaje de aporte que realiza el 52% de los afiliados directos: aquellos que tienen a su vez afiliados indirectos como pareja o hijos a su cargo. Y por otro, el porcentaje de aporte que realizan los tres poderes del Estado y los municipios por sus dependientes.<\/p>\n<p>Hoy en d\u00eda, cada afiliado directo aporta de su salario bruto a la OSEP el 6% por s\u00ed mismo y el 0,08% por cada integrante de su grupo familiar a cargo. Ese \u00faltimo porcentaje por indirectos es el que, seg\u00fan el proyecto, ascender\u00e1 a 0,75%, con el l\u00edmite de hasta 2,25% de aporte.<\/p>\n<p>Adem\u00e1s, la entidad recibe el aporte por trabajador de otro 6% por parte del empleador, que en este caso ser\u00eda la Provincia (Ejecutivo, Legislativo y Judicial) o el Municipio. Ese porcentaje pasar\u00e1 a ser del 7%.<\/p>\n<p>Seg\u00fan los c\u00e1lculos,\u00a0<strong>con estas subas se lograr\u00eda incrementar el presupuesto anual de la OSEP en unos $5.000 millones, lo que dejar\u00eda al organismo con las cuentas encaminadas al t\u00e9rmino de la gesti\u00f3n de Rodolfo Suarez.<\/strong><\/p>\n","protected":false},"excerpt":{"rendered":"<p>Por mayor\u00eda el oficialismo logr\u00f3 que se aprobara el proyecto de saneamiento para la OSEP. La iniciativa recibi\u00f3 la media sanci\u00f3n &#8230;<\/p>\n","protected":false},"author":7,"featured_media":119211,"comment_status":"open","ping_status":"open","sticky":false,"template":"","format":"standard","meta":{"footnotes":""},"categories":[1],"tags":[],"class_list":["post-119210","post","type-post","status-publish","format-standard","has-post-thumbnail","hentry","category-fmvinas"],"_links":{"self":[{"href":"https:\/\/vinasfm.com\/noticias\/wp-json\/wp\/v2\/posts\/119210","targetHints":{"allow":["GET"]}}],"collection":[{"href":"https:\/\/vinasfm.com\/noticias\/wp-json\/wp\/v2\/posts"}],"about":[{"href":"https:\/\/vinasfm.com\/noticias\/wp-json\/wp\/v2\/types\/post"}],"author":[{"embeddable":true,"href":"https:\/\/vinasfm.com\/noticias\/wp-json\/wp\/v2\/users\/7"}],"replies":[{"embeddable":true,"href":"https:\/\/vinasfm.com\/noticias\/wp-json\/wp\/v2\/comments?post=119210"}],"version-history":[{"count":2,"href":"https:\/\/vinasfm.com\/noticias\/wp-json\/wp\/v2\/posts\/119210\/revisions"}],"predecessor-version":[{"id":119309,"href":"https:\/\/vinasfm.com\/noticias\/wp-json\/wp\/v2\/posts\/119210\/revisions\/119309"}],"wp:featuredmedia":[{"embeddable":true,"href":"https:\/\/vinasfm.com\/noticias\/wp-json\/wp\/v2\/media\/119211"}],"wp:attachment":[{"href":"https:\/\/vinasfm.com\/noticias\/wp-json\/wp\/v2\/media?parent=119210"}],"wp:term":[{"taxonomy":"category","embeddable":true,"href":"https:\/\/vinasfm.com\/noticias\/wp-json\/wp\/v2\/categories?post=119210"},{"taxonomy":"post_tag","embeddable":true,"href":"https:\/\/vinasfm.com\/noticias\/wp-json\/wp\/v2\/tags?post=119210"}],"curies":[{"name":"wp","href":"https:\/\/api.w.org\/{rel}","templated":true}]}}