{"id":119189,"date":"2023-03-02T10:35:24","date_gmt":"2023-03-02T13:35:24","guid":{"rendered":"https:\/\/vinasfm.com\/noticias\/?p=119189"},"modified":"2023-03-02T23:40:53","modified_gmt":"2023-03-03T02:40:53","slug":"un-incendio-provoco-el-apagon-masivo-y-corte-electrico-afecto-a-20-millones-de-argentinos","status":"publish","type":"post","link":"https:\/\/vinasfm.com\/noticias\/un-incendio-provoco-el-apagon-masivo-y-corte-electrico-afecto-a-20-millones-de-argentinos\/","title":{"rendered":"UN INCENDIO PROVOC\u00d3 EL APAG\u00d3N MASIVO Y CORTE EL\u00c9CTRICO AFECT\u00d3 A 20 MILLONES DE ARGENTINOS"},"content":{"rendered":"<h3>La interrupci\u00f3n del servicio se produjo luego de las 16.30. El fuego se origin\u00f3 en campos y afect\u00f3 a torres de alta tensi\u00f3n que dejaron sin suministro el\u00e9ctrico a muchas provincias del centro del pa\u00eds.<\/h3>\n<p>Un corte generalizado de luz afecta a gran parte del pa\u00eds y son muchas las provincias que se encuentran sin suministro. Adem\u00e1s de <b>Mendoza<\/b>\u00a0tambi\u00e9n afect\u00f3 a<b>\u00a0San Luis, San Juan, \u00c1rea Metropolitana de Buenos Aires, C\u00f3rdoba y Tucum\u00e1n<\/b>\u00a0se encuentran con problemas.<\/p>\n<p>Seg\u00fan el Gobierno, se estima que alrededor de 20 millones de usuarios se quedaron sin servicio de energ\u00eda el\u00e9ctrica.<\/p>\n<p>El corte masivo de electricidad que se produjo en gran parte del pa\u00eds tras <strong>&#8216;varias fallas en el sistema interconectado&#8217;<\/strong> fue <b>consecuencia de un incendio de campos\u00a0<\/b>que<strong> &#8216;perturb\u00f3 una l\u00ednea de alta tensi\u00f3n de 500 kw que une Campana con General Rodr\u00edguez&#8217;<\/strong>, informaron fuentes del sector a la <b>agencia T\u00e9lam.<\/b><\/p>\n<p>La<b>\u00a0empresa Transener SA\u00a0<\/b>inform\u00f3 que este mi\u00e9rcoles <strong><em>&#8216;a las 15:59 horas, se produjo la salida de servicio de 3 L\u00edneas de Alta Tensi\u00f3n que vinculan las Estaciones Transformadoras de General Rodr\u00edguez y con el \u00e1rea del Litoral, como consecuencia de un incendio de campo&#8217;.<\/em><\/strong><\/p>\n<p><em><strong>&#8216;Hay una falla de frecuencia que expulsa a una parte de la generaci\u00f3n. Este centro de generaci\u00f3n que es Atucha \u201csali\u00f3\u201d, como se dice en esta jerga del sistema. Como sali\u00f3 Atucha tambi\u00e9n sali\u00f3, por ejemplo, la Central Puertos&#8217;<\/strong><\/em> indicaron desde la empresa.<\/p>\n<p>La empresa agreg\u00f3 que junto <strong><em>&#8216;a Compa\u00f1\u00eda Administradora del Mercado Mayorista El\u00e9ctrico S.A. (CAmmesa) puso en marcha su Plan de Contingencias e inici\u00f3 sus trabajos para restablecer el suministro de acuerdo a los procedimientos establecidos&#8217;.<\/em><\/strong><\/p>\n<p>Transener es una empresa concesionaria de servicio p\u00fablico de transporte de energ\u00eda el\u00e9ctrica de alta tensi\u00f3n que opera y mantiene en forma directa el 85% de la red de alta tensi\u00f3n y supervisa el 15% restante de todo el territorio nacional argentino.<\/p>\n<p>El incendio<em><b> &#8216;provoc\u00f3 que las protecciones del sistema el\u00e9ctrico funcionen y la forma de protecci\u00f3n es ir apagando lo que no se puede sostener<\/b>,<strong> lo que afecta a Santa Fe, C\u00f3rdoba, Cuyo, Sur del Noroeste&#8217;<\/strong>,<\/em> agregaron las fuentes.<\/p>\n<p><strong><em>&#8216;El sistema qued\u00f3 partido a la mitad. La zona noreste (NEA, Buenos Aires, Entre R\u00edos y Norte de Santa Fe desde Yaciret\u00e1 se est\u00e1 regulando, y la zona Sur, la Represa del Comahue, que cubre la Patagonia, La Pampa, Neuqu\u00e9n, R\u00edo Negro&#8217;<\/em><\/strong>, graficaron.<\/p>\n<p>Desde la\u00a0<b>Secretar\u00eda de Energ\u00eda<\/b> informaron que este incidente afect\u00f3 <strong><em>&#8216;distintas centrales de generaci\u00f3n entre ellas Atucha I&#8217;<\/em><\/strong>, seg\u00fan fuentes de la Secretar\u00eda de Energ\u00eda.<\/p>\n<p><em><strong>&#8216;Se registraron fallas en el sistema interconectado&#8217;<\/strong><\/em>, reportaron las fuentes y agregaron como <em><strong>&#8216;causa de lo anterior salieron (del sistema) distintas centrales de generaci\u00f3n entre ellas Atucha&#8217;<\/strong><\/em>, informaron esas fuentes a T\u00e9lam.<\/p>\n<p>Desde la\u00a0<b>empresa Nucleoel\u00e9ctrica Argentina<\/b>, a cargo de la operaci\u00f3n de las tres centrales nucleares en el pa\u00eds,\u00a0<b>Atucha I, Atucha II y Embalse<\/b>, indicaron a esta agencia que <strong><em>&#8216;se estaban generado 25.000 Mw y se cayeron 10.000 Mw, es un problema de la red<\/em><\/strong>&#8216; y se\u00f1alaron que <em><strong>&#8216;no se sabe el posible origen&#8217;.<\/strong><\/em><\/p>\n<p>Fuentes aeroportuarias, por su parte, confirmaron que salvo el aeropuerto de Comodoro Rivadavia, <b>todas las terminales a\u00e9reas funcionan con normalidad<\/b>. Agregaron adem\u00e1s que en el\u00a0<b>Aeroparque<\/b>\u00a0porte\u00f1o y en la estaci\u00f3n de\u00a0<b>Ezeiza<\/b>\u00a0se produjeron microcortes que no interrumpieron los servicios.<\/p>\n","protected":false},"excerpt":{"rendered":"<p>La interrupci\u00f3n del servicio se produjo luego de las 16.30. El fuego se origin\u00f3 en campos y afect\u00f3 a torres de &#8230;<\/p>\n","protected":false},"author":7,"featured_media":119192,"comment_status":"open","ping_status":"open","sticky":false,"template":"","format":"standard","meta":{"footnotes":""},"categories":[5,10],"tags":[],"class_list":["post-119189","post","type-post","status-publish","format-standard","has-post-thumbnail","hentry","category-actualidad","category-destacadas"],"_links":{"self":[{"href":"https:\/\/vinasfm.com\/noticias\/wp-json\/wp\/v2\/posts\/119189","targetHints":{"allow":["GET"]}}],"collection":[{"href":"https:\/\/vinasfm.com\/noticias\/wp-json\/wp\/v2\/posts"}],"about":[{"href":"https:\/\/vinasfm.com\/noticias\/wp-json\/wp\/v2\/types\/post"}],"author":[{"embeddable":true,"href":"https:\/\/vinasfm.com\/noticias\/wp-json\/wp\/v2\/users\/7"}],"replies":[{"embeddable":true,"href":"https:\/\/vinasfm.com\/noticias\/wp-json\/wp\/v2\/comments?post=119189"}],"version-history":[{"count":1,"href":"https:\/\/vinasfm.com\/noticias\/wp-json\/wp\/v2\/posts\/119189\/revisions"}],"predecessor-version":[{"id":119191,"href":"https:\/\/vinasfm.com\/noticias\/wp-json\/wp\/v2\/posts\/119189\/revisions\/119191"}],"wp:featuredmedia":[{"embeddable":true,"href":"https:\/\/vinasfm.com\/noticias\/wp-json\/wp\/v2\/media\/119192"}],"wp:attachment":[{"href":"https:\/\/vinasfm.com\/noticias\/wp-json\/wp\/v2\/media?parent=119189"}],"wp:term":[{"taxonomy":"category","embeddable":true,"href":"https:\/\/vinasfm.com\/noticias\/wp-json\/wp\/v2\/categories?post=119189"},{"taxonomy":"post_tag","embeddable":true,"href":"https:\/\/vinasfm.com\/noticias\/wp-json\/wp\/v2\/tags?post=119189"}],"curies":[{"name":"wp","href":"https:\/\/api.w.org\/{rel}","templated":true}]}}