{"id":119173,"date":"2023-03-01T11:38:25","date_gmt":"2023-03-01T14:38:25","guid":{"rendered":"https:\/\/vinasfm.com\/noticias\/?p=119173"},"modified":"2023-03-02T11:06:04","modified_gmt":"2023-03-02T14:06:04","slug":"garrafa-en-tu-barrio-programa-de-garrafa-subsidiada","status":"publish","type":"post","link":"https:\/\/vinasfm.com\/noticias\/garrafa-en-tu-barrio-programa-de-garrafa-subsidiada\/","title":{"rendered":"GARRAFA EN TU BARRIO, PROGRAMA DE GARRAFA SUBSIDIADA"},"content":{"rendered":"<div class=\"adn ads\" data-message-id=\"#msg-f:1759253427521589213\" data-legacy-message-id=\"186a1fabe1500fdd\">\n<div class=\"gs\">\n<div class=\"\">\n<div id=\":sp\" class=\"ii gt\">\n<div id=\":so\" class=\"a3s aiL \">\n<div>\n<p>En la Delegaci\u00f3n de Bowen, el Director de Contingencias Sociales Leonardo Zarategui dio detalles del Programa La garrafa en tu barrio del Gobierno de la Provincia.<\/p>\n<p>Ayer, mi\u00e9rcoles 1 de marzo, comenzaron los operativos de venta de gas envasado a $500, destinados a la poblaci\u00f3n en situaci\u00f3n vulnerable.<\/p>\n<p>El operativo para llevar la garrafa subsidiada a zonas vulnerables tiene por finalidad aliviar el bolsillo y garantizar el derecho de acceso a quienes no tienen gas de red.<\/p>\n<p><strong>Con el programa La garrafa en tu barrio se subsidia el precio de la garrafa de 10kg, por lo que el vecino puede adquirirla a $500.<\/strong><\/p>\n<p><strong>Los interesados en acceder al beneficio deben concurrir al punto de venta con el envase vac\u00edo, fotocopia de DNI y certificaci\u00f3n negativa de ANSES. Tambi\u00e9n pueden acceder jubilados y pensionados con su carnet de Pami o bono de cobro, personas con discapacidad con CUD o apoderado si se trata de un menor, detall\u00f3 el funcionario. \u201cEl cupo es de dos garrafas por beneficiario, la demanda va a determinar el expendio\u201d.<\/strong><\/p>\n<p>Los puntos de venta se distribuyen por sector: Bowen, Alvear Oeste, Ciudad y Carmensa. \u201cDos veces por semana la garrafa en tu barrio asistir\u00e1 a cada Dsitrito. En Bowen hay cinco puntos de venta al igual que en Alvear Oeste, en Ciudad hay siete y en Carmensa hay dos\u201d.<\/p>\n<p>Ayer, se vendi\u00f3 la garrafa subsidiada frente a la Delegaci\u00f3n de Bowen, luego en La Escandinava y despu\u00e9s en el Barrio El Tanque. Ma\u00f1ana, viernes 3 de marzo, La garrafa en tu barrio estar\u00e1 a las 9hs en calle 16 y O, en el Barrio El Monarca de Bowen; a partir de las 10:30hs, frente a la Escuela N\u00b0 4-179 El Ceibo.<\/p>\n<div class=\"yj6qo\"><\/div>\n<\/div>\n<\/div>\n<\/div>\n<\/div>\n<\/div>\n<\/div>\n","protected":false},"excerpt":{"rendered":"<p>En la Delegaci\u00f3n de Bowen, el Director de Contingencias Sociales Leonardo Zarategui dio detalles del Programa La garrafa en tu barrio &#8230;<\/p>\n","protected":false},"author":7,"featured_media":119176,"comment_status":"open","ping_status":"open","sticky":false,"template":"","format":"standard","meta":{"footnotes":""},"categories":[5,11],"tags":[],"class_list":["post-119173","post","type-post","status-publish","format-standard","has-post-thumbnail","hentry","category-actualidad","category-sociales"],"_links":{"self":[{"href":"https:\/\/vinasfm.com\/noticias\/wp-json\/wp\/v2\/posts\/119173","targetHints":{"allow":["GET"]}}],"collection":[{"href":"https:\/\/vinasfm.com\/noticias\/wp-json\/wp\/v2\/posts"}],"about":[{"href":"https:\/\/vinasfm.com\/noticias\/wp-json\/wp\/v2\/types\/post"}],"author":[{"embeddable":true,"href":"https:\/\/vinasfm.com\/noticias\/wp-json\/wp\/v2\/users\/7"}],"replies":[{"embeddable":true,"href":"https:\/\/vinasfm.com\/noticias\/wp-json\/wp\/v2\/comments?post=119173"}],"version-history":[{"count":6,"href":"https:\/\/vinasfm.com\/noticias\/wp-json\/wp\/v2\/posts\/119173\/revisions"}],"predecessor-version":[{"id":119223,"href":"https:\/\/vinasfm.com\/noticias\/wp-json\/wp\/v2\/posts\/119173\/revisions\/119223"}],"wp:featuredmedia":[{"embeddable":true,"href":"https:\/\/vinasfm.com\/noticias\/wp-json\/wp\/v2\/media\/119176"}],"wp:attachment":[{"href":"https:\/\/vinasfm.com\/noticias\/wp-json\/wp\/v2\/media?parent=119173"}],"wp:term":[{"taxonomy":"category","embeddable":true,"href":"https:\/\/vinasfm.com\/noticias\/wp-json\/wp\/v2\/categories?post=119173"},{"taxonomy":"post_tag","embeddable":true,"href":"https:\/\/vinasfm.com\/noticias\/wp-json\/wp\/v2\/tags?post=119173"}],"curies":[{"name":"wp","href":"https:\/\/api.w.org\/{rel}","templated":true}]}}